{"id":99242,"date":"2022-10-27T17:09:07","date_gmt":"2022-10-27T15:09:07","guid":{"rendered":"http:\/\/www.reunion68.se\/?p=99242"},"modified":"2022-10-27T15:14:46","modified_gmt":"2022-10-27T13:14:46","slug":"30-09-65","status":"publish","type":"post","link":"https:\/\/www.reunion68.se\/?p=99242","title":{"rendered":"Grabowski pozwa\u0142 Wildsteina. &#8220;Zwykle ignoruj\u0119 g\u0142upstwa wypisywane na m\u00f3j temat, ale nie tym razem&#8221;"},"content":{"rendered":"<p style=\"text-align: center;\"><img decoding=\"async\" class=\"aligncenter\" src=\"https:\/\/bi.im-g.pl\/im\/c0\/8d\/1b\/z28890048AMP,Minister-Piotr-Glinski--z-lewej--i-Bronislaw-Wilds.jpg\" width=\"100%\" \/><span style=\"color: #808080;\"><em>Minister Piotr Gli\u0144ski (z lewej) i Bronis\u0142aw Wildstein podczas ods\u0142oni\u0119cia pomnika Stanis\u0142awa Pyjasa w Krakowie. 7 maja 2019 r. (Fot. Jakub Porzycki \/ Agencja Wyborcza.pl)<\/em><\/span><\/p>\n<hr \/>\n<h5 style=\"text-align: center;\"><a href=\"https:\/\/wyborcza.pl\/\" target=\"_blank\" rel=\"noopener noreferrer\"><img decoding=\"async\" class=\"center alignleft\" src=\"http:\/\/www.reunion68.com\/Biuletyn\/img\/wyborcza-ale.png\" alt=\"\" width=\"35%\" \/><\/a><span style=\"text-decoration: underline; color: #000080;\"><strong><a style=\"color: #000080; text-decoration: underline;\" href=\"https:\/\/wyborcza.pl\/alehistoria\/7,121681,29074577,grabowski-pozwal-wildsteina-zwykle-ignoruje-glupstwa-wypisywane.html\" target=\"_blank\" rel=\"noopener noreferrer\">Grabowski pozwa\u0142 Wildsteina. &#8220;Zwykle ignoruj\u0119 g\u0142upstwa wypisywane na m\u00f3j temat, ale nie tym razem&#8221;<\/a><\/strong><\/span><\/h5>\n<p style=\"text-align: center;\"><span style=\"color: #000000;\"><strong>Miros\u0142aw Maciorowski<\/strong><\/span><\/p>\n<hr style=\"height: 15px; background: #d0e6fa; width: 100%;\" \/>\n<p style=\"text-align: left;\"><span style=\"color: #000080;\">Jeden z najbardziej znanych polskich badaczy Holokaustu, prof. Jan Grabowski, zarzuci\u0142 jednemu z naj\u017carliwszych propisowskich publicyst\u00f3w i urz\u0119dnik\u00f3w, Bronis\u0142awowi Wildsteinowi, naruszenie d\u00f3br osobistych.<\/span><\/p>\n<p class=\"text--paragraph\" style=\"text-align: left;\"><span style=\"color: #000080;\">Na pocz\u0105tku sierpnia Wildstein zosta\u0142 powo\u0142any przez ministra kultury Piotra Gli\u0144skiego na cz\u0142onka rady Muzeum \u017byd\u00f3w \u201ePolin&#8221;, a miesi\u0105c p\u00f3\u017aniej do rady Zamku Kr\u00f3lewskiego w Warszawie. Jeszcze przed tymi nominacjami portal Poufnarozmowa.pl ujawni\u0142 kolejne maile ze skrzynki ministra Micha\u0142a Dworczyka, tym razem wymienione w 2018 r<a id=\"LinkArea:embed_link\" class=\"text--link \" style=\"color: #000080;\" title=\". mi\u0119dzy Wildsteinem, premierem Mateuszem Morawieckim i jego dwoma doradcami.\" href=\"https:\/\/wyborcza.pl\/7,75398,28756751,maile-dworczyka-media-pis-do-uslug-rzadu-pis.html#S.embed_link-K.C-B.1-L.1.zw\" rel=\"dofollow\">.<span style=\"text-decoration: underline;\"><strong> mi\u0119dzy Wildsteinem, premierem Mateuszem Morawieckim i jego dwoma doradcami.<\/strong><\/span><\/a><\/span><\/p>\n<p class=\"text--paragraph\">\n<p><img decoding=\"async\" class=\"preview aligncenter\" src=\"https:\/\/bi.im-g.pl\/im\/30\/6f\/1b\/z28768816IH,Mateusz-Morawiecki-i-Bronislaw-Wildstein-.jpg\" srcset=\"https:\/\/bi.im-g.pl\/im\/30\/6f\/1b\/z28768816IH,Mateusz-Morawiecki-i-Bronislaw-Wildstein-.jpg, https:\/\/bi.im-g.pl\/im\/30\/6f\/1b\/z28768816IHR,Mateusz-Morawiecki-i-Bronislaw-Wildstein-.jpg 2x\" alt=\"Mateusz Morawiecki i Bronis\u0142aw Wildstein.\" width=\"100%\" \/><\/p>\n<div class=\"text--photo-caption font-caption\" style=\"text-align: center;\"><span style=\"color: #808080;\"><em><span class=\"text--photo-title\">Mateusz Morawiecki i Bronis\u0142aw Wildstein.<\/span>\u00a0\u00a0<span class=\"text--photo-author\">Fot. Kuba Atys\/Agencja Wyborcza.pl i Michal Wozniak\/East News<\/span><\/em><\/span><\/p>\n<p class=\"text--paragraph\" style=\"text-align: left;\"><span style=\"color: #000080;\">Wynika\u0142o z nich, \u017ce Wildstein namawia premiera, aby przej\u0105\u0107 kontrol\u0119 nad polskimi instytucjami zajmuj\u0105cymi si\u0119 badaniem Holokaustu i stosunkami polsko-izraelskimi, wprowadzaj\u0105c do nich \u201enaszych ludzi&#8221;. Radzi\u0142 te\u017c Morawieckiemu m.in. podj\u0119cie dzia\u0142a\u0144, aby \u201epolsk\u0105 martyrologi\u0119 wypromowa\u0107 na \u017cydowskiej&#8221;. Oferowa\u0142 przy tym w\u0142asne us\u0142ugi oraz swojego syna, Dawida, w\u00f3wczas jednego z wa\u017cniejszych cz\u0142onk\u00f3w kadry zarz\u0105dzaj\u0105cej w\u00a0<a style=\"color: #000080;\" href=\"https:\/\/wyborcza.pl\/0,128956.html?tag=TVP#anchorLink\">TVP<\/a>.<\/span><\/p>\n<h4 class=\"text--title font-head-700\" style=\"text-align: left;\">Czy premier pos\u0142ucha\u0142 &#8220;Bronka&#8221;?<\/h4>\n<p class=\"text--paragraph\" style=\"text-align: left;\"><span style=\"color: #000080;\">Jan Grabowski skomentowa\u0142 maile i zawarte w nich informacje na\u00a0<span style=\"text-decoration: underline;\"><strong><a id=\"LinkArea:embed_link\" class=\"text--link \" style=\"color: #000080; text-decoration: underline;\" title=\"Wyborcza.pl oraz na \u0142amach \u201eAle Historia'\" href=\"https:\/\/wyborcza.pl\/alehistoria\/7,162654,28768280,niewyrafinowane-przemyslenia-wildsteina-zdaja-sie-miec-bezposredni.html#S.embed_link-K.C-B.1-L.2.zw\" rel=\"dofollow\">Wyborcza.pl oraz na \u0142amach \u201eAle Historia&#8221;<\/a>.<\/strong><\/span> Pisa\u0142 m.in. tak:<\/span><\/p>\n<p class=\"text--paragraph\" style=\"text-align: left;\"><span style=\"color: #000080;\">\u201eNie jest jasne, jak wielk\u0105 moc sprawcz\u0105 mia\u0142a sugestia &gt;&gt;Bronka&lt;&lt; [tak premier zwraca si\u0119 do Wildsteina], aby polsk\u0105 martyrologi\u0119 promowa\u0107 za pomoc\u0105 martyrologii \u017cydowskiej, ale strategia &gt;&gt;pod\u0142\u0105czania&lt;&lt; polskiego cierpienia pod tragedi\u0119 \u017cydowsk\u0105 sta\u0142a si\u0119 jednym z leitmotiv\u00f3w polskiej polityki historycznej w ci\u0105gu ostatnich lat. Przyk\u0142ad\u00f3w nie trzeba szuka\u0107 daleko: w przekazie oficjalnym ob\u00f3z zag\u0142ady Treblinka II miesza si\u0119 z obozem pracy Treblinka I, podobnie rzecz si\u0119 ma z obozem zag\u0142ady Auschwitz II i obozem koncentracyjnym Auschwitz I, nazwa Treblinka zostaje &gt;&gt;zaj\u0119ta&lt;&lt; na rzecz polskiej martyrologii na skutek skandalicznych dzia\u0142a\u0144 Instytutu Pileckiego [instytucji powo\u0142anej za rz\u0105d\u00f3w\u00a0<a style=\"color: #000080;\" href=\"https:\/\/wyborcza.pl\/0,128956.html?tag=PiS#anchorLink\">PiS<\/a>\u00a0i ca\u0142kowicie przez niego kontrolowanej], a Muzeum w Auschwitz w mediach spo\u0142eczno\u015bciowych &gt;&gt;polonizuje&lt;&lt; komory gazowe Birkenau&#8221;.<\/span><\/p>\n<p><img decoding=\"async\" class=\"preview aligncenter\" src=\"https:\/\/bi.im-g.pl\/im\/ad\/5c\/17\/z24497069IH,Prof--Jan-Grabowski.jpg\" srcset=\"https:\/\/bi.im-g.pl\/im\/ad\/5c\/17\/z24497069IH,Prof--Jan-Grabowski.jpg, https:\/\/bi.im-g.pl\/im\/ad\/5c\/17\/z24497069IHR,Prof--Jan-Grabowski.jpg 2x\" alt=\"Prof. Jan Grabowski\" width=\"100%\" \/><span style=\"color: #808080;\"><em><span class=\"text--photo-title\">Prof. Jan Grabowski<\/span>\u00a0\u00a0<span class=\"text--photo-author\">Fot. Dawid \u017buchowicz \/ Agencja Wyborcza.pl \/ Dawid \u017buchowicz<\/span><\/em><\/span><\/p>\n<h4 class=\"text--title font-head-700\" style=\"text-align: left;\"><strong>Wildstein oskar\u017ca i obra\u017ca<\/strong><\/h4>\n<p class=\"text--paragraph\" style=\"text-align: left;\"><span style=\"color: #000080;\">Kilka dni p\u00f3\u017aniej Wildstein udzieli\u0142\u00a0<span style=\"text-decoration: underline;\"><strong><a id=\"LinkArea:embed_link\" class=\"text--link text--link-ext\" style=\"color: #000080; text-decoration: underline;\" title=\"wywiadu internetowemu \u201eTygodnikowi TVP\" href=\"https:\/\/tygodnik.tvp.pl\/61785291\/holokaust-w-polsce-przeprowadzali-niemcy-za-te-ogromna-zbrodnie-odpowiadaja-wylacznie-oni-i-nikt-inny\" rel=\"nofollow\">wywiadu internetowemu \u201eTygodnikowi TVP<\/a>&#8220;<\/strong><\/span>, w kt\u00f3rym skrytykowa\u0142 cz\u0119\u015b\u0107 polskich badaczy Holokaustu. Zarzuci\u0142 im m.in. wykorzystywanie wojennej tragedii do uderzania w polsk\u0105 to\u017csamo\u015b\u0107. \u201eS\u0105 pseudobadacze, kt\u00f3rzy tak robi\u0105&#8221; &#8211; stwierdzi\u0142. A gdy przeprowadzaj\u0105cy wywiad dopyta\u0142, kogo ma na my\u015bli, odpar\u0142, \u017ce w\u0142a\u015bnie Grabowskiego. Zdaniem Wildsteina, cho\u0107 Grabowski od lat bada losy polskich \u017byd\u00f3w w czasie wojny i jest pracownikiem naukowym Uniwersytetu w Ottawie, \u201enie jest \u017cadnym badaczem, ale osobnikiem, kt\u00f3ry nienawidzi Polski i usi\u0142uje j\u0105 pokaza\u0107 w najgorszym \u015bwietle. Opowiada bzdury o setkach tysi\u0119cy \u017byd\u00f3w mordowanych przez Polak\u00f3w w czasie II wojny \u015bwiatowej. Na potwierdzenie swoich opowie\u015bci nie ma \u017cadnych dokument\u00f3w, ale udaje mu si\u0119 uzyska\u0107 spory rezonans&#8221;.<\/span><\/p>\n<h4 class=\"text--title font-head-700\" style=\"text-align: left;\"><strong>Grabowski: Musia\u0142em zareagowa\u0107<\/strong><\/h4>\n<p class=\"text--paragraph\" style=\"text-align: left;\"><span style=\"color: #000080;\">&#8211; Zazwyczaj staram si\u0119 ignorowa\u0107 toksyczne g\u0142upstwa wypisywane na m\u00f3j temat przez polskich funkcjonariuszy pa\u0144stwowych, w tym przez urz\u0119dnik\u00f3w od historii pracuj\u0105cych w \u201einstytucjach kontroli pami\u0119ci&#8221;, takich jak IPN czy Instytut Pileckiego.\u00a0Tym razem jednak postanowi\u0142em zrobi\u0107 wyj\u0105tek \u2013 m\u00f3wi prof. Grabowski.\u00a0\u2013 Nie mog\u0119 zostawi\u0107 bez reakcji k\u0142amliwych wynurze\u0144 na m\u00f3j temat .<\/span><\/p>\n<p class=\"text--paragraph\" style=\"text-align: left;\"><span style=\"color: #000080;\">Grabowski t\u0142umaczy, \u017ce wbrew ocenie Wildsteina wszystkie jego dzia\u0142ania, praca badawcza, dydaktyczna i publicystyczna s\u0105 podyktowane w\u0142a\u015bnie interesem Polski.<\/span><\/p>\n<blockquote class=\"text--quote font-quotation-500\">\n<p style=\"text-align: left;\"><strong>\u2013 W moim przekonaniu lepiej jej si\u0119 przys\u0142u\u017cy odkrywanie nawet najbole\u015bniejszych fakt\u00f3w ze wsp\u00f3lnej polsko-\u017cydowskiej przesz\u0142o\u015bci ni\u017c przemilczanie ich i zamiatanie pod dywan. A na pewno znacznie bardziej Polsce szkodz\u0105 dzia\u0142ania takich os\u00f3b, kt\u00f3rym raczej nie chodzi o odkrywanie \u017cadnej prawdy, ale o to, by \u201epolsk\u0105 martyrologi\u0119 wypromowa\u0107 na \u017cydowskiej&#8221;.<\/strong><\/p>\n<\/blockquote>\n<p class=\"text--paragraph\" style=\"text-align: left;\"><span style=\"color: #000080;\">Prof. Grabowski chce, by Wildstein publicznie go przeprosi\u0142 za obrzucenie wyzwiskami oraz wp\u0142aci\u0142 na konto jednego ze stowarzysze\u0144 zrzeszaj\u0105cych Ocala\u0142ych z Zag\u0142ady 50 tys. z\u0142. Jego pozew wp\u0142yn\u0105\u0142 do S\u0105du Okr\u0119gowego w Warszawie we wtorek.<\/span><\/p>\n<hr style=\"height: 15px; background: #d0e6fa; width: 100%;\" \/>\n<div id=\"content\" class=\"content-alignment\">\n<div id=\"watch-description\" class=\"yt-uix-button-panel\">\n<div id=\"watch-description-text\" style=\"text-align: center;\">\n<p><em>Zawarto\u015b\u0107 publikowanych artyku\u0142\u00f3w i materia\u0142\u00f3w nie reprezentuje pogl\u0105d\u00f3w ani opinii Reunion&#8217;68,<\/em><em><br \/>\nani te\u017c webmastera Blogu Reunion&#8217;68, chyba ze jest to wyra\u017anie zaznaczone.<br \/>\nTwoje uwagi, linki, w\u0142asne artyku\u0142y lub wiadomo\u015bci prze\u015blij na adres:<br \/>\n<\/em><span style=\"color: #000080;\"><strong><em><a style=\"color: #000080;\" href=\"mailto:webmaster@reunion68.com\"><span style=\"text-decoration: underline;\">webmaster@reunion68.com<\/span><\/a><\/em><\/strong><\/span><\/p>\n<\/div>\n<\/div>\n<\/div>\n<hr style=\"width: 100%;\" \/>\n<\/div>\n","protected":false},"excerpt":{"rendered":"<p>Minister Piotr Gli\u0144ski (z lewej) i Bronis\u0142aw Wildstein podczas ods\u0142oni\u0119cia pomnika Stanis\u0142awa Pyjasa w Krakowie. 7 maja 2019 r. (Fot. Jakub Porzycki \/ Agencja Wyborcza.pl) Grabowski pozwa\u0142 Wildsteina. &#8220;Zwykle ignoruj\u0119 g\u0142upstwa wypisywane na m\u00f3j temat, ale nie tym razem&#8221; Miros\u0142aw Maciorowski Jeden z najbardziej znanych polskich badaczy Holokaustu, prof. Jan Grabowski, zarzuci\u0142 jednemu z naj\u017carliwszych [&hellip;]<\/p>\n","protected":false},"author":1,"featured_media":0,"comment_status":"closed","ping_status":"closed","sticky":false,"template":"","format":"standard","meta":[],"categories":[6],"tags":[26,24],"_links":{"self":[{"href":"https:\/\/www.reunion68.se\/index.php?rest_route=\/wp\/v2\/posts\/99242"}],"collection":[{"href":"https:\/\/www.reunion68.se\/index.php?rest_route=\/wp\/v2\/posts"}],"about":[{"href":"https:\/\/www.reunion68.se\/index.php?rest_route=\/wp\/v2\/types\/post"}],"author":[{"embeddable":true,"href":"https:\/\/www.reunion68.se\/index.php?rest_route=\/wp\/v2\/users\/1"}],"replies":[{"embeddable":true,"href":"https:\/\/www.reunion68.se\/index.php?rest_route=%2Fwp%2Fv2%2Fcomments&post=99242"}],"version-history":[{"count":7,"href":"https:\/\/www.reunion68.se\/index.php?rest_route=\/wp\/v2\/posts\/99242\/revisions"}],"predecessor-version":[{"id":99254,"href":"https:\/\/www.reunion68.se\/index.php?rest_route=\/wp\/v2\/posts\/99242\/revisions\/99254"}],"wp:attachment":[{"href":"https:\/\/www.reunion68.se\/index.php?rest_route=%2Fwp%2Fv2%2Fmedia&parent=99242"}],"wp:term":[{"taxonomy":"category","embeddable":true,"href":"https:\/\/www.reunion68.se\/index.php?rest_route=%2Fwp%2Fv2%2Fcategories&post=99242"},{"taxonomy":"post_tag","embeddable":true,"href":"https:\/\/www.reunion68.se\/index.php?rest_route=%2Fwp%2Fv2%2Ftags&post=99242"}],"curies":[{"name":"wp","href":"https:\/\/api.w.org\/{rel}","templated":true}]}}