{"id":99270,"date":"2022-10-28T17:00:33","date_gmt":"2022-10-28T15:00:33","guid":{"rendered":"http:\/\/www.reunion68.se\/?p=99270"},"modified":"2022-10-28T10:48:51","modified_gmt":"2022-10-28T08:48:51","slug":"31-00-39","status":"publish","type":"post","link":"https:\/\/www.reunion68.se\/?p=99270","title":{"rendered":"UN Commission Announces Investigation of Israeli \u2018Apartheid\u2019"},"content":{"rendered":"<h5 style=\"text-align: center;\"><a href=\"https:\/\/www.algemeiner.com\/\" target=\"_blank\" rel=\"noopener noreferrer\"><img decoding=\"async\" class=\"center alignleft\" src=\"http:\/\/www.reunion68.com\/Biuletyn\/img\/algem.png\" alt=\"\" width=\"35%\" \/><\/a><span style=\"text-decoration: underline; color: #000080;\"><span><strong><a style=\"color: #000080; text-decoration: underline;\" href=\"https:\/\/www.algemeiner.com\/2022\/10\/27\/un-commission-announces-investigation-of-israeli-apartheid\/\" target=\"_blank\" rel=\"noopener noreferrer\">UN Commission Announces Investigation of Israeli \u2018Apartheid\u2019<\/a><\/strong><\/span><\/span><\/h5>\n<p style=\"text-align: center;\"><span style=\"color: #000000;\"><strong>Dion J. Pierre<\/strong><\/span><\/p>\n<hr style=\"height: 15px; background: #d0e6fa; width: 100%;\" \/>\n<p style=\"text-align: center;\"><img decoding=\"async\" class=\"aligncenter\" src=\"https:\/\/www.algemeiner.com\/wp-content\/uploads\/2022\/10\/IMG_3273.jpg\" width=\"100%\" \/><span style=\"color: #808080;\"><em>StandWithUs holds a press conference outside the headquarters of the United Nations in New York, featuring Israeli Ambassador to the United Nations Gilad Erdan, October 27, 2022. Photo: Dion J. Pierre<\/em><\/span><\/p>\n<p style=\"text-align: left;\"><span style=\"color: #000080;\">A UN commission announced Thursday that it will investigate the allegation that Israel is an \u201capartheid state,\u201d eliciting strong rebuke from pro-Israel organizations.<\/span><\/p>\n<p style=\"text-align: left;\"><span style=\"color: #000080;\">\u201cWe\u2019re focusing on the root cause, which is the occupation, and part of it lies in apartheid,\u201d said Navi Pillay, a member of the United Nations\u2019 Commission of Inquiry on Israel, the West Bank, and Gaza (COI). \u201cWe will be coming to that. That\u2019s the beauty of this open-ended mandate. It gives us the scope.\u201d<\/span><\/p>\n<p style=\"text-align: left;\"><span style=\"color: #000080;\">Commissioner Miloon Kothari, who in July\u00a0<a style=\"color: #000080;\" href=\"https:\/\/www.algemeiner.com\/2022\/07\/27\/jerusalem-slams-un-official-who-questioned-israels-membership-railed-at-jewish-lobby\/\" target=\"_blank\" rel=\"noopener noreferrer\">made comments<\/a>\u00a0about the undue influence of a so-called \u201cJewish lobby\u201d on the media, said the COI would \u201chave to look at issues of settler colonialism.\u201d<\/span><\/p>\n<p style=\"text-align: left;\"><span style=\"color: #000080;\">\u201cApartheid itself is a very useful paradigm, so we have a slightly different approach, but we will definitely get to it,\u201d he added.<\/span><\/p>\n<div id=\"post_content\">\n<p style=\"text-align: left;\"><span style=\"color: #000080;\">The COI\u2019s announcement follows the release of its second report on the Israeli-Palestinian conflict. The Commission was established last year following the 11-day war between Israel and Gaza\u2019s ruling Hamas group in May. COI is the first UN commission to ever be granted an indefinite period of investigation, which has drawn criticism from the\u00a0<a style=\"color: #000080;\" href=\"https:\/\/www.algemeiner.com\/2022\/10\/21\/us-state-department-condemns-unfair-targeting-of-israel-by-un-as-latest-damning-report-is-published\/\" target=\"_blank\" rel=\"noopener noreferrer\">US State Department<\/a>, members of\u00a0<a style=\"color: #000080;\" href=\"https:\/\/www.algemeiner.com\/2022\/01\/25\/42-members-of-congress-press-blinken-to-defund-uns-new-anti-israel-commission-of-inquiry\/\" target=\"_blank\" rel=\"noopener noreferrer\">US Congress<\/a>, and Jewish leaders across the world.<\/span><\/p>\n<p style=\"text-align: left;\"><span style=\"color: #000080;\">StandWithUs, a nonprofit that educates the public about Israel and raises awareness of antisemitism, denounced the commission for its anti-Israel bias, at a press conference outside the United Nations headquarters in New York on Thursday.<\/span><\/p>\n<p style=\"text-align: left;\"><span style=\"color: #000080;\">\u201cDozens of organizations stood together against the hateful, predetermined, manipulative report by the United Nations Human Rights Council\u2019s \u2018Commission of Inquiry\u2019 against Israel,\u201d StandWithUs CEO Roz Rothstein told\u00a0<em>The Algemeiner<\/em>. \u201cPeople around the world who appreciate truth and stand against anti-Jewish bigotry should be proud.\u201d<\/span><\/p>\n<p style=\"text-align: left;\"><span style=\"color: #000080;\">South African lawyer Olga Meshoe-Washington of the Institute for Black Solidarity with Israel (IBSI) also disputed the commission\u2019s allegations that Israel is an apartheid state.<\/span><\/p>\n<p style=\"text-align: left;\"><span style=\"color: #000080;\">\u201cShame on the commission for continuing to appropriate the history of my people and trivializing my family\u2019s pain, under the banner of human rights,\u201d she said. \u201cIt erases the very real, very lived experience of the brutality of apartheid; a reality that includes millions of Black South Africans fleeing their country and living in exile under fear of persecution purely because of the color of their skin. This is not Israel.\u201d<\/span><\/p>\n<p style=\"text-align: left;\"><span style=\"color: #000080;\">Israeli Ambassador to the United Nations Gilad Erdan also spoke, arguing that \u201cthis is a council that has condemned Israel, a liberal democracy, more than Iran, Syria, and North Korea.\u201d<\/span><\/p>\n<p style=\"text-align: left;\"><span style=\"color: #000080;\">\u201cToday, it\u2019s no longer politically correct to blame Jews for all the world\u2019s problems, so antisemites adapt,\u201d he said. \u201cRather than burning Jews at the stake, antisemites burn the Jewish state at the stake.\u201d<\/span><\/p>\n<\/div>\n<hr style=\"height: 15px; background: #d0e6fa; width: 100%;\" \/>\n<div id=\"content\" class=\"content-alignment\">\n<div id=\"watch-description\" class=\"yt-uix-button-panel\">\n<div id=\"watch-description-text\" style=\"text-align: center;\">\n<p><em>Zawarto\u015b\u0107 publikowanych artyku\u0142\u00f3w i materia\u0142\u00f3w nie reprezentuje pogl\u0105d\u00f3w ani opinii Reunion&#8217;68,<\/em><em><br \/>\nani te\u017c webmastera Blogu Reunion&#8217;68, chyba ze jest to wyra\u017anie zaznaczone.<br \/>\nTwoje uwagi, linki, w\u0142asne artyku\u0142y lub wiadomo\u015bci prze\u015blij na adres:<br \/>\n<\/em><span style=\"color: #000080;\"><strong><em><a style=\"color: #000080;\" href=\"mailto:webmaster@reunion68.com\"><span style=\"text-decoration: underline;\">webmaster@reunion68.com<\/span><\/a><\/em><\/strong><\/span><\/p>\n<\/div>\n<\/div>\n<\/div>\n<hr style=\"width: 100%;\" \/>\n","protected":false},"excerpt":{"rendered":"<p>UN Commission Announces Investigation of Israeli \u2018Apartheid\u2019 Dion J. Pierre StandWithUs holds a press conference outside the headquarters of the United Nations in New York, featuring Israeli Ambassador to the United Nations Gilad Erdan, October 27, 2022. Photo: Dion J. Pierre A UN commission announced Thursday that it will investigate the allegation that Israel is [&hellip;]<\/p>\n","protected":false},"author":1,"featured_media":0,"comment_status":"closed","ping_status":"closed","sticky":false,"template":"","format":"standard","meta":[],"categories":[6],"tags":[26,24],"_links":{"self":[{"href":"https:\/\/www.reunion68.se\/index.php?rest_route=\/wp\/v2\/posts\/99270"}],"collection":[{"href":"https:\/\/www.reunion68.se\/index.php?rest_route=\/wp\/v2\/posts"}],"about":[{"href":"https:\/\/www.reunion68.se\/index.php?rest_route=\/wp\/v2\/types\/post"}],"author":[{"embeddable":true,"href":"https:\/\/www.reunion68.se\/index.php?rest_route=\/wp\/v2\/users\/1"}],"replies":[{"embeddable":true,"href":"https:\/\/www.reunion68.se\/index.php?rest_route=%2Fwp%2Fv2%2Fcomments&post=99270"}],"version-history":[{"count":4,"href":"https:\/\/www.reunion68.se\/index.php?rest_route=\/wp\/v2\/posts\/99270\/revisions"}],"predecessor-version":[{"id":99300,"href":"https:\/\/www.reunion68.se\/index.php?rest_route=\/wp\/v2\/posts\/99270\/revisions\/99300"}],"wp:attachment":[{"href":"https:\/\/www.reunion68.se\/index.php?rest_route=%2Fwp%2Fv2%2Fmedia&parent=99270"}],"wp:term":[{"taxonomy":"category","embeddable":true,"href":"https:\/\/www.reunion68.se\/index.php?rest_route=%2Fwp%2Fv2%2Fcategories&post=99270"},{"taxonomy":"post_tag","embeddable":true,"href":"https:\/\/www.reunion68.se\/index.php?rest_route=%2Fwp%2Fv2%2Ftags&post=99270"}],"curies":[{"name":"wp","href":"https:\/\/api.w.org\/{rel}","templated":true}]}}