{"id":99301,"date":"2022-11-01T17:09:24","date_gmt":"2022-11-01T15:09:24","guid":{"rendered":"http:\/\/www.reunion68.se\/?p=99301"},"modified":"2022-10-29T18:48:48","modified_gmt":"2022-10-29T16:48:48","slug":"01-09-69","status":"publish","type":"post","link":"https:\/\/www.reunion68.se\/?p=99301","title":{"rendered":"Tajemnica \u015bmierci Bohdana Piaseckiego. Pozosta\u0142y trzy hipotezy"},"content":{"rendered":"<p style=\"text-align: center;\"><img decoding=\"async\" class=\"aligncenter\" src=\"https:\/\/bi.im-g.pl\/im\/49\/bc\/1b\/z29084233AMP,Boleslaw-Piasecki--stoi-z-tylu-w-srodku--podczas-k.jpg\" width=\"100%\" \/><em><span style=\"color: #808080;\">Boles\u0142aw Piasecki (stoi z ty\u0142u w \u015brodku) podczas komunii m\u0142odszego syna Jaros\u0142awa, stoj\u0105cego z przodu po lewej. Obok niego zamordowany sze\u015b\u0107 lat p\u00f3\u017aniej brat Bohdan (FOT. EAST NEWS)<\/span><\/em><\/p>\n<hr \/>\n<h5 style=\"text-align: center;\"><a href=\"https:\/\/wyborcza.pl\/\" target=\"_blank\" rel=\"noopener noreferrer\"><img decoding=\"async\" class=\"center alignleft\" src=\"http:\/\/www.reunion68.com\/Biuletyn\/img\/wyborcza-ale.png\" alt=\"\" width=\"35%\" \/><\/a><span style=\"text-decoration: underline; color: #000080;\"><strong><a style=\"color: #000080; text-decoration: underline;\" href=\"https:\/\/wyborcza.pl\/alehistoria\/7,121681,29078291,tajemnica-smierci-bohdana-piaseckiego-pozostaly-trzy.html\" target=\"_blank\" rel=\"noopener noreferrer\">Tajemnica \u015bmierci Bohdana Piaseckiego. Pozosta\u0142y trzy hipotezy<\/a><\/strong><\/span><\/h5>\n<p style=\"text-align: center;\"><span style=\"color: #000000;\"><strong>Jan Kr\u00f3l<\/strong><\/span><\/p>\n<hr style=\"height: 15px; background: #d0e6fa; width: 100%;\" \/>\n<h4 class=\"text--lead\" style=\"text-align: center;\"><span style=\"color: #808080;\"><strong>Organy \u015bcigania zachowywa\u0142y si\u0119 tak, jakby nie chcia\u0142y z\u0142apa\u0107 sprawc\u00f3w porwania i zab\u00f3jstwa, tylko zatrze\u0107 za nimi \u015blady.<\/strong><\/span><\/h4>\n<div class=\"column-54\" data-position=\"54,4\">\n<hr \/>\n<p style=\"text-align: left;\"><span style=\"color: #000080;\">Mia\u0142em 7 lat, gdy do mojego rodzinnego Mielca dotar\u0142a wiadomo\u015b\u0107 o porwaniu w Warszawie ch\u0142opca czarn\u0105 Wo\u0142g\u0105 przez nieznanych osobnik\u00f3w. Wzbudzi\u0142a u mnie wtedy nie tylko strach, ale te\u017c zaciekawianie. Sk\u0105d mog\u0142em przypuszcza\u0107, \u017ce 15 lat p\u00f3\u017aniej poznam ojca porwanego i zamordowanego m\u0142odzie\u0144ca i \u017ce b\u0119d\u0119 z nim wsp\u00f3\u0142pracowa\u0142 przez kolejnych kilka lat.<\/span><\/p>\n<\/div>\n<div class=\"article--content article--content-free \">\n<p class=\"text--paragraph\" style=\"text-align: left;\"><span style=\"color: #000080;\">St\u0105d moje zainteresowanie niewyja\u015bnion\u0105 spraw\u0105 uprowadzenia i zab\u00f3jstwa\u00a0Bohdana Piaseckiego, syna Boles\u0142awa, nietuzinkowego, aczkolwiek kontrowersyjnego polityka obecnego w polskim \u017cyciu publicznym od przedwojnia a\u017c do \u015bmierci w 1979 r.<\/span><\/p>\n<p class=\"text--paragraph\" style=\"text-align: left;\"><span style=\"color: #000080;\">Profesor Szymon Rudnicki znaczn\u0105 cz\u0119\u015b\u0107 swojej naukowej pasji po\u015bwi\u0119ci\u0142 w\u0142a\u015bnie Boles\u0142awowi Piaseckiemu i jego dzia\u0142alno\u015bci \u2013 w obszernej monografii \u201eFalanga. Ruch Narodowo-Radykalny&#8221; (2018) oraz w wydanej w tym roku ksi\u0105\u017cce \u201eZagubiony Bohdan Piasecki \u2013 Najd\u0142u\u017csze \u015bledztwo PRL&#8221;. Trudno bowiem rozdzieli\u0107 dramat, kt\u00f3ry rozgrywa\u0142 si\u0119 od 22 stycznia 1957 r. z udzia\u0142em syna, od politycznej aktywno\u015bci\u00a0ojca, przed wojn\u0105 lidera skrajnie nacjonalistycznego RNR-Falanga, a po niej szefa koncesjonowanego przez komunist\u00f3w katolickiego Stowarzyszenia \u201ePax&#8221;.<\/span><\/p>\n<p class=\"text--paragraph\" style=\"text-align: left;\"><span style=\"color: #000080;\">Szukaj\u0105c odpowiedzi na wiele pyta\u0144 zwi\u0105zanych z t\u0105 zbrodni\u0105, prof. Rudnicki si\u0119gn\u0105\u0142 do tysi\u0119cy dokument\u00f3w, artyku\u0142\u00f3w i prac badawczych. Przedstawi\u0142 je w spos\u00f3b uporz\u0105dkowany, klarowny, co nie by\u0142o \u0142atwe wobec wielo\u015bci w\u0105tk\u00f3w, tez, hipotez. Z tekstu\u00a0wy\u0142ania si\u0119 przera\u017caj\u0105cy obraz \u015bledztwa prowadzonego przez 25 lat przez r\u00f3\u017cne ekipy w zmieniaj\u0105cych si\u0119 warunkach politycznych.<\/span><\/p>\n<h4 class=\"text--title font-head-700\" style=\"text-align: left;\">MAMY PA\u0143SKIEGO SYNA<\/h4>\n<p class=\"text--paragraph\" style=\"text-align: left;\"><span style=\"color: #000080;\">Bohdan Piasecki, 16-letni ucze\u0144 liceum \u015bw. Augustyna, wracaj\u0105c ze szko\u0142y z czterema kolegami, kilkaset metr\u00f3w od domu zosta\u0142 zaczepiony przez nieznanego m\u0119\u017cczyzn\u0119. Pokaza\u0142 on ch\u0142opcu jaki\u015b dokument, po czym Bohdan, nie \u017cegnaj\u0105c si\u0119 z kolegami, wsiad\u0142 z nim do taks\u00f3wki, granatowej warszawy, i odjechali. Koledzy zapami\u0119tali numer auta: T75-222.\u00a0<\/span><\/p>\n<p style=\"text-align: center;\"><img decoding=\"async\" class=\"preview aligncenter\" src=\"https:\/\/bi.im-g.pl\/im\/5d\/bc\/1b\/z29084253IH,Samochod-marki-Warszawa--1957-1958.jpg\" srcset=\"https:\/\/bi.im-g.pl\/im\/5d\/bc\/1b\/z29084253IH,Samochod-marki-Warszawa--1957-1958.jpg, https:\/\/bi.im-g.pl\/im\/5d\/bc\/1b\/z29084253IHR,Samochod-marki-Warszawa--1957-1958.jpg 2x\" alt=\"Samoch\u00f3d marki Warszawa, 1957-1958\" width=\"100%\" \/><span style=\"color: #808080;\"><em><span class=\"text--photo-title\">Samoch\u00f3d marki Warszawa, 1957-1958<\/span>\u00a0\u00a0<span class=\"text--photo-author\">fot. Narodowe Archiwum Cyfrowe<\/span><\/em><\/span><\/p>\n<p class=\"text--paragraph\" style=\"text-align: left;\"><span style=\"color: #000080;\">P\u00f3\u0142torej godziny p\u00f3\u017aniej ojciec odebra\u0142 telefon z informacj\u0105, \u017ce z poczty Warszawa I ma odebra\u0107 list. Jego tre\u015b\u0107 brzmia\u0142a tak: \u201eSzanowny Panie! 1. Syn pa\u0144ski zosta\u0142 przez nas uwi\u0119ziony. 2. Uwolnienie syna nast\u0105pi tylko w przypadku z\u0142o\u017cenia przez pana okupu w wysoko\u015bci czterech tysi\u0119cy dolar\u00f3w USA (w banknotach nie mniejszych ni\u017c 20 dolar\u00f3w) oraz 100 tysi\u0119cy z\u0142otych (w banknotach stuz\u0142otowych, u\u017cywanych). 3. W wypadku nie z\u0142o\u017cenia powy\u017cszej sumy syn zostanie zamordowany. 4. Poniewa\u017c ta sprawa nie zwi\u0105zana jest z og\u00f3ln\u0105 kampani\u0105 polityczn\u0105 prowadzon\u0105 przeciwko panu, a jest jedynie naszymi porachunkami sprzed kilku lat, wy\u017cej ustalona suma\u00a0b\u0119dzie ostatecznym rozliczeniem mi\u0119dzy nami&#8221; [wszystkie cytaty z ksi\u0105\u017cki prof. Rudnickiego].<\/span><\/p>\n<h4 class=\"text--title font-head-700\" style=\"text-align: left;\"><strong>CZARNA TECZKA I ROGI JELENIA<\/strong><\/h4>\n<p class=\"text--paragraph\" style=\"text-align: left;\"><span style=\"color: #000080;\">Porywacze przygotowali si\u0119 do zbrodni du\u017co wcze\u015bniej, pozostawiaj\u0105c w 20 r\u00f3\u017cnych punktach stolicy pude\u0142ka po zapa\u0142kach z instrukcjami, dok\u0105d nale\u017cy doprowadzi\u0107 pos\u0142a\u0144c\u00f3w z got\u00f3wk\u0105, aby mog\u0142a im zosta\u0107 bezpiecznie przekazana. Instruowali, \u017ce w prawej r\u0119ce ma on trzyma\u0107 czarn\u0105 teczk\u0119 z pieni\u0119dzmi, a w lewej \u201ema\u0142e rogi jelenia&#8221;. Ta zabawa w kotka i myszk\u0119 trwa\u0142a osiem dni, po czym porywacze zamilkli, twierdz\u0105c, \u017ce skoro powiadomiona zosta\u0142a milicja, to nie maj\u0105 ju\u017c jak bezpiecznie odebra\u0107 pieni\u0119dzy.<\/span><\/p>\n<p class=\"text--paragraph\" style=\"text-align: left;\"><span style=\"color: #000080;\">Jednocze\u015bnie rozpocz\u0119\u0142o si\u0119 dochodzenie pod kryptonimem \u201eZagubiony&#8221;. Znaj\u0105c numer taks\u00f3wki, ustalono nazwisko kierowcy. By\u0142 nim Ignacy Ekerling, Polak narodowo\u015bci \u017cydowskiej pracuj\u0105cy wcze\u015bniej w Centralnym Komitecie \u017byd\u00f3w w Polsce, a nast\u0119pnie w \u017bydowskim Instytucie Historycznym. Sta\u0142 si\u0119 g\u0142\u00f3wnym \u015bwiadkiem w sprawie a\u017c do swojej \u015bmierci w 1977 r.<\/span><\/p>\n<p class=\"text--paragraph\" style=\"text-align: left;\"><span style=\"color: #000080;\">Ekerling kluczy\u0142, zmienia\u0142 zeznania, w czym pomaga\u0142 mu III Departament MSW, kt\u00f3remu powierzono \u015bledztwo. I to, \u017ce szukaniem sprawc\u00f3w zaj\u0119li si\u0119 ludzie na co dzie\u0144 zajmuj\u0105cy si\u0119 g\u0142\u00f3wnie \u015bciganiem opozycji, by\u0142o\u00a0wed\u0142ug prof. Rudnickiego kluczowym b\u0142\u0119dem. Lepiej do tego przygotowana Milicja Obywatelska odgrywa\u0142a jedynie rol\u0119 uzupe\u0142niaj\u0105c\u0105<\/span><\/p>\n<h4 class=\"text--title font-head-700\" style=\"text-align: left;\"><strong>K\u0141ODY POD NOGI<\/strong><\/h4>\n<p class=\"text--paragraph\" style=\"text-align: left;\"><span style=\"color: #000080;\">Zacz\u0119\u0142o si\u0119 wi\u0119c gubienie dowod\u00f3w. Przepad\u0142y gdzie\u015b instrukcje od porywaczy, anonim informuj\u0105cy o li\u015bcie do odebrania na poczcie i list z odciskami palc\u00f3w. A prokuratura zosta\u0142a w\u0142\u0105czona do \u015bledztwa dopiero po kilku miesi\u0105cach. \u201eS\u0105 istotne stwierdzenia \u2013 pisze prof. Rudnicki \u2013 ukazuj\u0105ce trudno\u015bci pierwszych tygodni \u015bledztwa, ba\u0142agan, niekompetencj\u0119 i brak o\u015brodka decyzyjnego kieruj\u0105cego \u015bledztwem, mimo formalnie istniej\u0105cego sztabu&#8221;. Dopiero w styczniu 1961 r. kierownik grupy operacyjno-\u015bledczej p\u0142k Kwiatkowski przyzna\u0142, \u017ce wykryciu sprawc\u00f3w nie sprzyja\u0142 fakt, i\u017c w decyduj\u0105cym okresie pracowa\u0142y nad tym a\u017c trzy o\u015brodki, \u201eco nie sprzyja\u0142o koordynacji&#8221;.<\/span><\/p>\n<p class=\"text--paragraph\" style=\"text-align: left;\"><span style=\"color: #000080;\">Boles\u0142aw Piasecki i jego najbli\u017csi wsp\u00f3\u0142pracownicy: Ryszard Reiff, Jerzy Hagmajer, Zygmunt Przetakiewicz, Ryszard Sienkiewicz, Mieczys\u0142aw Lipko, ksi\u0105dz Mieczys\u0142aw Suwa\u0142a, od pocz\u0105tku czuli, \u017ce gotowo\u015b\u0107 w\u0142adz do wykrycia sprawc\u00f3w pozostawia wiele do \u017cyczenia. To oni chodzili z pieni\u0119dzmi na fa\u0142szywe miejsca spotka\u0144, to oni znale\u017ali taks\u00f3wk\u0119 i to oni nie dopu\u015bcili do opuszczenia Polski przez Ekerlinga, i to pomimo tego, \u017ce z MSW mieli wiadomo\u015b\u0107, i\u017c chce on przekroczy\u0107 granic\u0119 w Szczecinie, a zosta\u0142 zidentyfikowany w Zebrzydowicach w poci\u0105gu Warszawa \u2013 Wiede\u0144. To ludzie Piaseckiego stworzyli charakterystyk\u0119 Ekerlinga i jego \u015brodowiska, a nie organy \u015bcigania.<\/span><\/p>\n<h4 class=\"text--title font-head-700\" style=\"text-align: left;\"><strong>HAJDA NA SOWIECKIEGO AGENTA<\/strong><\/h4>\n<p class=\"text--paragraph\" style=\"text-align: left;\">J<span style=\"color: #000080;\">ednocze\u015bnie w prasie zacz\u0119\u0142y si\u0119 pojawia\u0107 publikacje maj\u0105ce na celu zacieranie \u015blad\u00f3w. Podawano, \u017ce Bohdan \u017cyje, \u017ce przebywa z matk\u0105 (Halina Piasecka zgin\u0119\u0142a w powstaniu warszawskim) za granic\u0105. W takim duchu napisany by\u0142 artyku\u0142 \u201eZagadka cichej uliczki&#8221; Leszka Moczulskiego, Zdzis\u0142awa Szakiewicza i Jerzego Wojdy\u0142\u0142y zamieszczony 10 lutego 1957 r. w \u201eDooko\u0142a \u015bwiata&#8221;. Przes\u0142uchiwany w wi\u0119zieniu Moczulski (zatrzymany w innej sprawie) zezna\u0142, \u017ce tekst oparty by\u0142 na plotkach, a jego pocz\u0105tek brzmia\u0142 tak: \u201eDziecku nie grozi nic. Jest niedaleko Warszawy. Ojca czekaj\u0105 przykro\u015bci\u2026&#8221;.\u00a0 Ciekaw jestem, czy dzisiaj Leszek Moczulski podtrzyma\u0142by swoje zeznania. Czy \u017ar\u00f3d\u0142em tej nieprawdziwej publikacji nie by\u0142a zewn\u0119trzna inspiracja?<\/span><\/p>\n<p class=\"text--paragraph\" style=\"text-align: left;\"><span style=\"color: #000080;\">Podglebiem dla takich publikacji by\u0142y ataki na Piaseckiego prowadzone w zwi\u0105zku z jego artyku\u0142em \u201eInstynkt pa\u0144stwowy&#8221;, kt\u00f3ry ukaza\u0142 si\u0119 16 pa\u017adziernika 1956 r. Szef Stowarzyszenia \u201ePax&#8221; przestrzega\u0142 w nim przed mo\u017cliwo\u015bci\u0105 \u201ebrutalnego realizowania racji stanu w okoliczno\u015bciach podobnych do og\u0142oszenia stanu wyj\u0105tkowego&#8221;, je\u015bli \u201enie ujmiemy dyskusji w ramy odpowiedzialno\u015bci&#8221;. Artyku\u0142 zosta\u0142 odczytany jako gro\u017aba \u015brodowiska przeciwnik\u00f3w pa\u017adziernikowych przemian. A w mojej ocenie by\u0142o to ostrze\u017cenie przed interwencj\u0105 radzieck\u0105.<\/span><\/p>\n<blockquote class=\"text--quote font-quotation-500\">\n<p style=\"text-align: left;\"><strong>Piasecki w tekstach autorstwa Leopolda Tyrmanda, Wies\u0142awa G\u00f3rnickiego czy Tomasza Atkinsa traktowany by\u0142 jako sowiecki agent, faszysta, sprawca mord\u00f3w na \u017bydach podczas wojny. Jednym s\u0142owem: potw\u00f3r.<\/strong><\/p>\n<\/blockquote>\n<p class=\"text--paragraph\" style=\"text-align: left;\"><span style=\"color: #000080;\">Dlatego sprawa porwania Bohdana od pocz\u0105tku wi\u0105zana by\u0142a z jego aktywno\u015bci\u0105 polityczn\u0105. Pojawi\u0142o si\u0119 nawet absurdalne podejrzenie, \u017ce sam je zaaran\u017cowa\u0142, by odwr\u00f3ci\u0107 od siebie uwag\u0119.<\/span><\/p>\n<h4 class=\"text--title font-head-700\" style=\"text-align: left;\"><strong>ZAMORDOWANY TU\u017b PO PORWANIU<\/strong><\/h4>\n<p class=\"text--paragraph\" style=\"text-align: left;\"><span style=\"color: #000080;\">Zw\u0142oki Bohdana odnalaz\u0142y si\u0119 8 grudnia 1958 r., bez ma\u0142a po dw\u00f3ch latach od zagini\u0119cia. Le\u017ca\u0142y w piwnicach bloku przy ulicy \u015awierczewskiego 82a (dzisiaj Al. Solidarno\u015bci), w ust\u0119pie, kt\u00f3rego drzwi zabite by\u0142y kowalskimi gwo\u017adziami do mocowania podk\u00f3w. Odnale\u017ali je konserwatorzy z administracji budynku, badaj\u0105cy stan przeciwatomowego schronu. Zw\u0142oki by\u0142y zmumifikowane. W piersi \u2013 po lewej stronie \u2013 tkwi\u0142 sztylet. Pod cia\u0142em le\u017ca\u0142y ksi\u0105\u017cki i zeszyty, pantofle gimnastyczne, wieczne pi\u00f3ro i cyrkiel.\u00a0<\/span><\/p>\n<p style=\"text-align: center;\"><img decoding=\"async\" class=\"preview aligncenter\" src=\"https:\/\/bi.im-g.pl\/im\/46\/bc\/1b\/z29084230IH,Budynek-w-Warszawie-przy-al---Solidarnosci--82a--d.jpg\" srcset=\"https:\/\/bi.im-g.pl\/im\/46\/bc\/1b\/z29084230IH,Budynek-w-Warszawie-przy-al---Solidarnosci--82a--d.jpg, https:\/\/bi.im-g.pl\/im\/46\/bc\/1b\/z29084230IHR,Budynek-w-Warszawie-przy-al---Solidarnosci--82a--d.jpg 2x\" alt=\"Budynek w Warszawie przy al. 'Solidarno\u015bci' 82a (dawna al. \u015awierczewskiego), w kt\u00f3rego podziemiach znaleziono cia\u0142o zamordowanego Bohdana Piaseckiego\" width=\"100%\" \/><br \/>\n<span style=\"color: #808080;\"><em><span class=\"text--photo-title\">Budynek w Warszawie przy al. &#8216;Solidarno\u015bci&#8217; 82a (dawna al. \u015awierczewskiego), w kt\u00f3rego podziemiach znaleziono cia\u0142o zamordowanego Bohdana Piaseckiego<\/span>\u00a0\u00a0<span class=\"text--photo-author\">Adrian Grycuk, CC BY-SA 3.0 PL , via Wikimedia Commons<\/span><\/em><\/span><\/p>\n<p class=\"text--paragraph\" style=\"text-align: left;\"><span style=\"color: #000080;\">Interesuj\u0105ce, \u017ce w tym budynku pod numerem 120 znajdowa\u0142o si\u0119 konspiracyjne mieszkanie MSW, \u201ez kt\u00f3rego korzystali funkcjonariusze pe\u0142ni\u0105cy wysokie stanowiska, w innym lokalu mieszka\u0142a kochanka oficera MSW&#8221;.<\/span><\/p>\n<p class=\"text--paragraph\" style=\"text-align: left;\"><span style=\"color: #000080;\">Dla rodziny, a szczeg\u00f3lnie dla ojca, ale tak\u017ce dla przyjaci\u00f3\u0142 i opinii publicznej by\u0142 to ogromny szok. Sekcja wykaza\u0142a, \u017ce Bohdan zosta\u0142 zamordowany zaraz po uprowadzeniu, a przed wbiciem sztyletu zosta\u0142 dwa razy mocno uderzony w ty\u0142 g\u0142owy.\u00a0Ca\u0142a operacja z \u017c\u0105daniem okupu by\u0142a wi\u0119c zwyk\u0142ym kamufla\u017cem maj\u0105cym na celu zyskanie czasu\u00a0na zatarcie \u015blad\u00f3w.<\/span><\/p>\n<p class=\"text--paragraph\" style=\"text-align: left;\"><span style=\"color: #000080;\">Gdy okaza\u0142o si\u0119, \u017ce porwanie i mord zosta\u0142y przygotowane i przeprowadzona \u201efachowo&#8221;, zapewniaj\u0105c sprawcom ochron\u0119, natychmiast zacz\u0119\u0142y si\u0119 pojawia\u0107 przer\u00f3\u017cne hipotezy.<\/span><\/p>\n<p class=\"text--paragraph\" style=\"text-align: left;\"><span style=\"color: #000080;\">Rozpracowywano \u015brodowisko przeciwnik\u00f3w politycznych Piaseckiego, tropiono jego wsp\u00f3\u0142pracownik\u00f3w, podejrzenia pad\u0142y na osoby\u00a0pochodzenia \u017cydowskiego, zar\u00f3wno spo\u015br\u00f3d znajomych Ekerlinga, jak i\u00a0z wysokich szczebli w\u0142adzy. Analizowano \u015brodowisko by\u0142ych podkomendnych Piaseckiego, a nawet trop radziecki. W sumie rozpatrywano kilkaset wersji. Liczba badanych spraw wzros\u0142a do 1459, a obserwacj\u0105, przes\u0142uchaniami, badaniem obj\u0119to bez ma\u0142a 15 tys. os\u00f3b.<\/span><\/p>\n<p class=\"text--paragraph\" style=\"text-align: left;\"><span style=\"color: #000080;\">Wed\u0142ug przytoczonych przez prof. Rudnickiego opinii os\u00f3b analizuj\u0105cych, po latach, przebieg \u015bledztwa tych w\u0105tk\u00f3w by\u0142o zbyt wiele. Tak jakby chodzi\u0142o bardziej o zgubienie tropu ni\u017c odkrycie sprawc\u00f3w i ich mocodawc\u00f3w, bo tacy bez w\u0105tpienia byli.<\/span><\/p>\n<h4 class=\"text--title font-head-700\" style=\"text-align: left;\"><strong>UKR\u0118CONA SPRAWA<\/strong><\/h4>\n<p class=\"text--paragraph\" style=\"text-align: left;\"><span style=\"color: #000080;\">Boles\u0142aw Piasecki najpierw szuka\u0142 syna, a po odnalezieniu jego zw\u0142ok \u2013 zbrodniarzy. Pisa\u0142 memoria\u0142y do organ\u00f3w \u015bcigania i w\u0142adz, \u0142\u0105cznie z najwy\u017cszymi (I sekretarz KC PZPR W\u0142adys\u0142aw Gomu\u0142ka, premier J\u00f3zef Cyrankiewicz), wykazuj\u0105c opiesza\u0142o\u015b\u0107, brak koordynacji i profesjonalizmu prowadz\u0105cych dochodzenie.<\/span><\/p>\n<p class=\"text--paragraph\" style=\"text-align: left;\"><span style=\"color: #000080;\">A gdy si\u0119 wydawa\u0142o, \u017ce w ko\u0144cu Ekerling stanie przed s\u0105dem, na polecenie Cyrankiewicza oraz sekretarza KC PZPR Jerzego Albrechta spraw\u0119 wycofano. Albrecht \u201em\u00f3wi\u0142 Gomu\u0142ce, \u017ce przygotowany akt oskar\u017cenia skompromituje s\u0105d i prokuratur\u0119 i odbije si\u0119 w opinii mi\u0119dzynarodowej jako akt antysemityzmu&#8221;.<\/span><\/p>\n<p style=\"text-align: center;\"><img decoding=\"async\" class=\"preview aligncenter\" src=\"https:\/\/bi.im-g.pl\/im\/7d\/bc\/1b\/z29084285IH,Pogrzeb-Bohdana-Piaseckiego.jpg\" srcset=\"https:\/\/bi.im-g.pl\/im\/7d\/bc\/1b\/z29084285IH,Pogrzeb-Bohdana-Piaseckiego.jpg, https:\/\/bi.im-g.pl\/im\/7d\/bc\/1b\/z29084285IHR,Pogrzeb-Bohdana-Piaseckiego.jpg 2x\" alt=\"Pogrzeb Bohdana Piaseckiego\" width=\"100%\" \/><span style=\"color: #808080;\"><em><span class=\"text--photo-title\">Pogrzeb Bohdana Piaseckiego<\/span>\u00a0\u00a0<span class=\"text--photo-author\">Public domain, via Wikimedia Commons<\/span><\/em><\/span><\/p>\n<p class=\"text--paragraph\" style=\"text-align: left;\"><span style=\"color: #003366;\">Do takiej decyzji mia\u0142 przekonywa\u0107 Gomu\u0142k\u0119 tak\u017ce Roman Zambrowski \u2013 cz\u0142onek Biura Politycznego KC PZPR, kt\u00f3ry argumentowa\u0142, \u017ce proces mo\u017ce wywo\u0142a\u0107 nastroje antysemickie w spo\u0142ecze\u0144stwie. Do rozprawy nigdy nie dosz\u0142o.<\/span><\/p>\n<p class=\"text--paragraph\" style=\"text-align: left;\"><span style=\"color: #003366;\">W grudniu 1976 r. jako cz\u0142onek prezydium Stowarzyszenia \u201ePax&#8221; bra\u0142em udzia\u0142 w jego posiedzeniu. Boles\u0142aw Piasecki przeszytym b\u00f3lem g\u0142osem poinformowa\u0142 nas, \u017ce wyst\u0105pi\u0142 do Stanis\u0142awa Kani \u2013 cz\u0142onka Biura Politycznego i sekretarza KC PZPR, odpowiedzialnego za resorty si\u0142owe \u2013 o przed\u0142u\u017cenie \u015bledztwa, gdy\u017c po 20 latach od porwania zbli\u017ca\u0142o si\u0119 przedawnienie. Domaga\u0142 si\u0119 wniesienia aktu oskar\u017cenia przeciwko Ekerlingowi. W li\u015bcie do Kani pisa\u0142: \u201ePo rozwa\u017ceniu ca\u0142o\u015bci problemu w sumieniu obywatelskim, a nie ojcowskim, z ca\u0142\u0105 si\u0142\u0105 wyra\u017cam przekonanie, \u017ce niedopuszczaln\u0105 by\u0142aby bezkarno\u015b\u0107 przest\u0119pcy maj\u0105cego udzia\u0142 w zbrodni zab\u00f3jstwa. Sprawa morderstwa Bohdana ma wymiar moralny w skali opinii powszechnej, kt\u00f3ra oczekuje i domaga si\u0119 przestrzegania praworz\u0105dno\u015bci&#8221;.<\/span><\/p>\n<p class=\"text--paragraph\" style=\"text-align: left;\"><span style=\"color: #003366;\">Odpowiedzi nie otrzyma\u0142.<\/span><\/p>\n<h4 class=\"text--title font-head-700\" style=\"text-align: left;\"><strong>TRZY HIPOTEZY<\/strong><\/h4>\n<p class=\"text--paragraph\" style=\"text-align: left;\"><span style=\"color: #000080;\">15 listopada 1961 r. Jerzy Smole\u0144ski z Prokuratury Generalnej, kierownik Wydzielonej Grupy Prokurator\u00f3w, podpisa\u0142 57-stronicow\u0105 analiz\u0119 stanu \u015bledztwa. Wymienia w niej dziesi\u0105tki b\u0142\u0119d\u00f3w, m.in. trzymanie si\u0119 przez MSW bezzasadnych wersji, rezygnacja z procesu Ekerlinga, brak woli wykrycia\u00a0i uj\u0119cia sprawc\u00f3w po stronie organ\u00f3w MSW czy \u201eutrudnianie, a nawet przeciwdzia\u0142anie w ujawnieniu prawdy&#8221;.<\/span><\/p>\n<p class=\"text--paragraph\" style=\"text-align: left;\"><span style=\"color: #000080;\">Profesor Rudnicki w zako\u0144czeniu ksi\u0105\u017cki napisa\u0142:\u00a0\u201eka\u017cdy przyzwoity krymina\u0142 stara si\u0119 odpowiedzie\u0107 na 7 podstawowych pyta\u0144: 1. kto? 2. kiedy? 3. gdzie? 4. po co? 5. chcia\u0142? 6. m\u00f3g\u0142? 7. potrafi\u0142? (\u2026). A mamy odpowied\u017a tylko na pytanie drugie i trzecie. (\u2026).<\/span><\/p>\n<p class=\"text--paragraph\" style=\"text-align: left;\"><span style=\"color: #000080;\">Po odrzuceniu wersji kryminalnej pozosta\u0142y nam trzy: \u017bydzi, s\u0142u\u017cby radzieckie i s\u0142u\u017cby polskie. Ale mo\u017ce si\u0119 one nie wyklucza\u0142y, a wzajemnie si\u0119 przenika\u0142y? (\u2026) Z braku jednoznacznej odpowiedzi na pytanie, kto zabi\u0142, pos\u0142ugujemy si\u0119 mniej lub bardziej prawdopodobnymi roboczymi hipotezami. Rozumiem, \u017ce przedstawiona konstrukcja jest jedn\u0105 z mo\u017cliwych, ale mnie wydaje si\u0119 najbardziej logiczn\u0105. Czy sprawa porwania i zamordowania Bohdana Piaseckiego znajdzie swoje ostateczne rozwi\u0105zanie? Zawsze istnieje mo\u017cliwo\u015b\u0107, \u017ce polskie Archiwum X kiedy\u015b podejmie t\u0119 spraw\u0119&#8221;.<\/span><\/p>\n<p class=\"text--paragraph\" style=\"text-align: left;\"><span style=\"color: #000080;\">I po 65 latach od tej zbrodni tylko taka nadzieja nam pozostaje.<\/span><\/p>\n<hr \/>\n<h5 class=\"text--title font-head-700\" style=\"text-align: center;\">Zagubiony Bohdan Piasecki. Najd\u0142u\u017csze \u015bledztwo PRL &#8211; Szymon Rudnicki<br \/>\nAspra 2022<\/h5>\n<p style=\"text-align: center;\"><img decoding=\"async\" class=\"preview aligncenter\" src=\"https:\/\/bi.im-g.pl\/im\/41\/bc\/1b\/z29084225IH,Szymon-Rudnicki---Zagubiony-Bohdan-Piasecki--Najdl.jpg\" srcset=\"https:\/\/bi.im-g.pl\/im\/41\/bc\/1b\/z29084225IH,Szymon-Rudnicki---Zagubiony-Bohdan-Piasecki--Najdl.jpg, https:\/\/bi.im-g.pl\/im\/41\/bc\/1b\/z29084225IHR,Szymon-Rudnicki---Zagubiony-Bohdan-Piasecki--Najdl.jpg 2x\" alt=\"Szymon Rudnicki, 'Zagubiony Bohdan Piasecki. Najd\u0142u\u017csze \u015bledztwo PRL', Aspra 2022\" width=\"100%\" \/><br \/>\n<span style=\"color: #808080;\"><em><span class=\"text--photo-title\">Szymon Rudnicki, &#8216;Zagubiony Bohdan Piasecki. Najd\u0142u\u017csze \u015bledztwo PRL&#8217;, Aspra 2022<\/span>\u00a0\u00a0<span class=\"text--photo-author\">materia\u0142y prasowe<\/span><\/em><\/span><\/p>\n<hr style=\"height: 15px; background: #d0e6fa; width: 100%;\" \/>\n<div id=\"content\" class=\"content-alignment\">\n<div id=\"watch-description\" class=\"yt-uix-button-panel\">\n<div id=\"watch-description-text\" style=\"text-align: center;\">\n<p><em>Zawarto\u015b\u0107 publikowanych artyku\u0142\u00f3w i materia\u0142\u00f3w nie reprezentuje pogl\u0105d\u00f3w ani opinii Reunion&#8217;68,<\/em><em><br \/>\nani te\u017c webmastera Blogu Reunion&#8217;68, chyba ze jest to wyra\u017anie zaznaczone.<br \/>\nTwoje uwagi, linki, w\u0142asne artyku\u0142y lub wiadomo\u015bci prze\u015blij na adres:<br \/>\n<\/em><span style=\"color: #000080;\"><strong><em><a style=\"color: #000080;\" href=\"mailto:webmaster@reunion68.com\"><span style=\"text-decoration: underline;\">webmaster@reunion68.com<\/span><\/a><\/em><\/strong><\/span><\/p>\n<\/div>\n<\/div>\n<\/div>\n<hr style=\"width: 100%;\" \/>\n<\/div>\n","protected":false},"excerpt":{"rendered":"<p>Boles\u0142aw Piasecki (stoi z ty\u0142u w \u015brodku) podczas komunii m\u0142odszego syna Jaros\u0142awa, stoj\u0105cego z przodu po lewej. Obok niego zamordowany sze\u015b\u0107 lat p\u00f3\u017aniej brat Bohdan (FOT. EAST NEWS) Tajemnica \u015bmierci Bohdana Piaseckiego. Pozosta\u0142y trzy hipotezy Jan Kr\u00f3l Organy \u015bcigania zachowywa\u0142y si\u0119 tak, jakby nie chcia\u0142y z\u0142apa\u0107 sprawc\u00f3w porwania i zab\u00f3jstwa, tylko zatrze\u0107 za nimi \u015blady. [&hellip;]<\/p>\n","protected":false},"author":1,"featured_media":0,"comment_status":"closed","ping_status":"closed","sticky":false,"template":"","format":"standard","meta":[],"categories":[6],"tags":[26,24],"_links":{"self":[{"href":"https:\/\/www.reunion68.se\/index.php?rest_route=\/wp\/v2\/posts\/99301"}],"collection":[{"href":"https:\/\/www.reunion68.se\/index.php?rest_route=\/wp\/v2\/posts"}],"about":[{"href":"https:\/\/www.reunion68.se\/index.php?rest_route=\/wp\/v2\/types\/post"}],"author":[{"embeddable":true,"href":"https:\/\/www.reunion68.se\/index.php?rest_route=\/wp\/v2\/users\/1"}],"replies":[{"embeddable":true,"href":"https:\/\/www.reunion68.se\/index.php?rest_route=%2Fwp%2Fv2%2Fcomments&post=99301"}],"version-history":[{"count":13,"href":"https:\/\/www.reunion68.se\/index.php?rest_route=\/wp\/v2\/posts\/99301\/revisions"}],"predecessor-version":[{"id":99318,"href":"https:\/\/www.reunion68.se\/index.php?rest_route=\/wp\/v2\/posts\/99301\/revisions\/99318"}],"wp:attachment":[{"href":"https:\/\/www.reunion68.se\/index.php?rest_route=%2Fwp%2Fv2%2Fmedia&parent=99301"}],"wp:term":[{"taxonomy":"category","embeddable":true,"href":"https:\/\/www.reunion68.se\/index.php?rest_route=%2Fwp%2Fv2%2Fcategories&post=99301"},{"taxonomy":"post_tag","embeddable":true,"href":"https:\/\/www.reunion68.se\/index.php?rest_route=%2Fwp%2Fv2%2Ftags&post=99301"}],"curies":[{"name":"wp","href":"https:\/\/api.w.org\/{rel}","templated":true}]}}