{"id":9941,"date":"2014-11-30T19:05:47","date_gmt":"2014-11-30T17:05:47","guid":{"rendered":"http:\/\/www.reunion68.se\/?p=9941"},"modified":"2014-11-30T10:13:05","modified_gmt":"2014-11-30T08:13:05","slug":"9941","status":"publish","type":"post","link":"https:\/\/www.reunion68.se\/?p=9941","title":{"rendered":"Zatruta Jerozolima"},"content":{"rendered":"<h5 style=\"text-align: center;\"><a href=\"http:\/\/swiat.newsweek.pl\/\" target=\"_blank\"><img decoding=\"async\" class=\"center alignleft\" src=\"http:\/\/www.reunion68.com\/Biuletyn\/img\/newsweek.jpg\" alt=\"\" \/><\/a><span style=\"text-decoration: underline; color: #000080;\"><span style=\"text-decoration: underline;\"><strong><a style=\"color: #000080; text-decoration: underline;\" href=\"http:\/\/swiat.newsweek.pl\/intifada-czy-wybuchnie-kolejny-konflikt-na-bliskim-wschodzie-newsweek,artykuly,351862,1.html#alertSG\" target=\"_blank\">Zatruta Jerozolima<\/a><\/strong><\/span><\/span><\/h5>\n<p style=\"text-align: center;\"><span style=\"color: #333333;\"><strong>Jacek Pawlicki<\/strong><\/span><\/p>\n<hr style=\"height: 15px; background: #d0e6fa; width: 710px;\" \/>\n<div style=\"width: 360px\" class=\"wp-caption alignright\"><img decoding=\"async\" class=\"articleImg\" title=\"Panorama Jerozolimy o zachodzie s\u0142o\u0144ca. Widok na kopu\u0142\u0119 meczetu Al'Aksa\" src=\"http:\/\/www.newsweek.pl\/g\/i.aspx\/680\/0\/newsweek\/635394040403789588.jpg\" alt=\"20140401_zaf_ap3_038.jpg\" width=\"350\" border=\"0\" \/><p class=\"wp-caption-text\"><span style=\"color: #000080;\"><em>Panorama Jerozolimy o zachodzie s\u0142o\u0144ca. Widok na kopu\u0142\u0119 meczetu Al&#8217;Aksa \/ fot. Saeed Qaq\/APA \/ \u017ar\u00f3d\u0142o: Zuma Press<\/em><\/span><\/p><\/div>\n<p style=\"text-align: left;\"><span style=\"color: #333333;\"><strong>Rze\u017ania religii \u2013 jak mawia\u0142 o Jerozolimie Aldous Huxley \u2013 jest jedn\u0105 z najwi\u0119kszych przeszk\u00f3d na drodze do pokoju na Bliskim Wschodzie. W mie\u015bcie \u015bwi\u0119tym dla \u017cyd\u00f3w, chrze\u015bcijan i muzu\u0142man\u00f3w tli si\u0119 kolejne powstanie palesty\u0144skie.<\/strong><\/span><\/p>\n<p style=\"text-align: left;\"><span style=\"color: #000080;\">Ibrahim Al-Aqari mia\u0142 38 lat. Nie nale\u017ca\u0142 do \u017cadnej organizacji terrorystycznej. By\u0142 jednym z ponad 300 tys. Palesty\u0144czyk\u00f3w mieszkaj\u0105cych we Wschodniej Jerozolimie. 5 listopada wsiad\u0142 do furgonetki i wjecha\u0142 z impetem w grupk\u0119 ludzi stoj\u0105cych na przystanku tramwajowym. Zabi\u0142 inspektora policji i rani\u0142 13 przypadkowych os\u00f3b. \u2013 Od rana \u015bledzi\u0142 bacznie zamieszki pod meczetem Al-Aksa. Widzia\u0142 krew, rannych, patrzy\u0142, jak bezczeszczone jest \u015bwi\u0119te miejsce. Opu\u015bci\u0142 dom i pojecha\u0142 na miejsce ataku, \u017ceby zdoby\u0107 miejsce w\u015br\u00f3d szahid\u00f3w \u2013 opowiada\u0142a potem \u017cona Al-Aqariego.<\/span><\/p>\n<p style=\"text-align: left;\"><span style=\"color: #333333;\"><strong>Samochodowa intifada<\/strong><\/span><\/p>\n<p style=\"text-align: left;\"><span style=\"color: #000080;\">Szahidem, czyli m\u0119czennikiem, zosta\u0142 na miejscu ataku, zastrzelony przez policjant\u00f3w. Kiedy nast\u0119pnego dnia grzebano go w rodzinnym Szufacie, s\u0105siedzi \u017cegnali go jak bohatera, ale dla Izraelczyk\u00f3w by\u0142 jednym z terroryst\u00f3w, \u201esamotnych wilk\u00f3w\u201d. Wcze\u015bniej w Jerozolimie dosz\u0142o do podobnych samochodowych atak\u00f3w. Przed nast\u0119pnymi ludzi chroni\u0107 maj\u0105 betonowe zapory, kt\u00f3re w\u0142adze chc\u0105 stawia\u0107 na przystankach. Izraelskie media pisz\u0105 nawet o \u201esamochodowej intifadzie\u201d. Cho\u0107 nie ma zgody co do tego, czy trzecia intifada ju\u017c si\u0119 zacz\u0119\u0142a, spirala przemocy powoli si\u0119 rozkr\u0119ca.<\/span><\/p>\n<p style=\"text-align: left;\"><span style=\"color: #000080;\">\u201eWybuch\u0142a kolejna intifada Al-Aksa, a Jerozolima jest zar\u00f3wno placem boju, jak i powodem walki\u201d \u2013 pisze izraelski komentator Shlomi Eldar na \u0142amach waszyngto\u0144skiego portalu Al-Monitor, specjalizuj\u0105cego si\u0119 w sprawach bliskowschodnich. Poprzednie powstanie palesty\u0144skie zwane intifad\u0105 Al-Aksa (albo drug\u0105 intifad\u0105) zacz\u0119\u0142o si\u0119 we wrze\u015bniu 2000 r., kiedy m\u0142odzi Palesty\u0144czycy wyszli na ulice Wschodniej Jerozolimy i zacz\u0119li rzuca\u0107 kamieniami w izraelsk\u0105 policj\u0119 i wojsko. Iskr\u0105, kt\u00f3ra wywo\u0142a\u0142a po\u017car, by\u0142a wizyta \u00f3wczesnego szefa opozycji (p\u00f3\u017aniej premiera) Ariela Szarona na Wzg\u00f3rzu \u015awi\u0105tynnym, gdzie znajduje si\u0119 s\u0142ynny meczet. W ci\u0105gu pi\u0119ciu lat w walkach zgin\u0119\u0142o ponad trzy tysi\u0105ce Palesty\u0144czyk\u00f3w i tysi\u0105c Izraelczyk\u00f3w.<\/span><\/p>\n<p style=\"text-align: left;\"><span style=\"color: #000080;\">\u2013 Nie s\u0105dz\u0119, \u017ceby to ju\u017c by\u0142a trzecia intifada, ale nazwa nie ma znaczenia. Rzeczywisto\u015b\u0107 jest taka, \u017ce pojedynczy Palesty\u0144czycy, niekoniecznie zwi\u0105zani z jak\u0105\u015b organizacj\u0105 terrorystyczn\u0105, atakuj\u0105 Izraelczyk\u00f3w. Nie potrzebuj\u0105 wyszkolenia terrorystycznego, broni czy materia\u0142\u00f3w wybuchowych, wystarczy samoch\u00f3d albo n\u00f3\u017c \u2013 m\u00f3wi mi Meir Shalev, izraelski pisarz, kt\u00f3rego kilka ksi\u0105\u017cek (m.in. \u201eRosyjski romans\u201d, \u201eMoja babcia z Rosji i jej odkurzacz z Ameryki\u201d) ukaza\u0142o si\u0119 te\u017c w Polsce.<\/span><\/p>\n<p style=\"text-align: left;\"><span style=\"color: #000080;\">Shalev jak wielu lewicowych intelektualist\u00f3w obawia si\u0119, \u017ce przemoc rozleje si\u0119 po ca\u0142ym kraju. To zreszt\u0105 ju\u017c si\u0119 dzieje. W minionym tygodniu inny \u201esamotny wilk\u201d zaatakowa\u0142 grupk\u0119 \u017byd\u00f3w przy wje\u017adzie do Alon Shvut na Zachodnim Brzegu, \u015bmiertelnie rani\u0105c no\u017cem 26-letni\u0105 \u017cydowsk\u0105 osadniczk\u0119. W Tel Awiwie \u2013 r\u00f3wnie\u017c no\u017cem \u2013 zabity zosta\u0142 20-letni \u017co\u0142nierz. Ofiarami s\u0105 te\u017c Palesty\u0144czycy. W starciach z izraelsk\u0105 policj\u0105 zgin\u0119\u0142o dw\u00f3ch 22-latk\u00f3w.<\/span><\/p>\n<p style=\"text-align: right;\"><span style=\"color: #000080;\">Czytaj dalej tu: <span style=\"text-decoration: underline;\"><strong><a style=\"color: #000080; text-decoration: underline;\" href=\"http:\/\/swiat.newsweek.pl\/intifada-czy-wybuchnie-kolejny-konflikt-na-bliskim-wschodzie-newsweek,artykuly,351862,1.html#alertSG\" target=\"_blank\">Zatruta Jerozolima<\/a><\/strong><\/span><\/span><\/p>\n<hr style=\"height: 15px; background: #d0e6fa; width: 710px;\" \/>\n<div id=\"content\" class=\"  content-alignment&lt;br \/&gt;&lt;br \/&gt; \">\n<div id=\"watch-description\" class=\"yt-uix-button-panel\">\n<div id=\"watch-description-text\">\n<p style=\"text-align: center;\"><span style=\"color: #808080;\"> twoje uwagi, linki, wlasne artykuly, lub wiadomosci przeslij do: <strong><span style=\"text-decoration: underline;\"><span style=\"color: #808080; text-decoration: underline;\"><a href=\"mailto:webmaster@reunion68.com\">webmaster@reunion68.com<\/a><\/span><\/span><\/strong><\/span><\/p>\n<\/div>\n<\/div>\n<\/div>\n<p>&nbsp;<\/p>\n<hr style=\"width: 710px;\" \/>\n","protected":false},"excerpt":{"rendered":"<p>Zatruta Jerozolima Jacek Pawlicki Rze\u017ania religii \u2013 jak mawia\u0142 o Jerozolimie Aldous Huxley \u2013 jest jedn\u0105 z najwi\u0119kszych przeszk\u00f3d na drodze do pokoju na Bliskim Wschodzie. W mie\u015bcie \u015bwi\u0119tym dla \u017cyd\u00f3w, chrze\u015bcijan i muzu\u0142man\u00f3w tli si\u0119 kolejne powstanie palesty\u0144skie. Ibrahim Al-Aqari mia\u0142 38 lat. Nie nale\u017ca\u0142 do \u017cadnej organizacji terrorystycznej. By\u0142 jednym z ponad 300 [&hellip;]<\/p>\n","protected":false},"author":1,"featured_media":0,"comment_status":"closed","ping_status":"closed","sticky":false,"template":"","format":"standard","meta":[],"categories":[3],"tags":[24],"_links":{"self":[{"href":"https:\/\/www.reunion68.se\/index.php?rest_route=\/wp\/v2\/posts\/9941"}],"collection":[{"href":"https:\/\/www.reunion68.se\/index.php?rest_route=\/wp\/v2\/posts"}],"about":[{"href":"https:\/\/www.reunion68.se\/index.php?rest_route=\/wp\/v2\/types\/post"}],"author":[{"embeddable":true,"href":"https:\/\/www.reunion68.se\/index.php?rest_route=\/wp\/v2\/users\/1"}],"replies":[{"embeddable":true,"href":"https:\/\/www.reunion68.se\/index.php?rest_route=%2Fwp%2Fv2%2Fcomments&post=9941"}],"version-history":[{"count":18,"href":"https:\/\/www.reunion68.se\/index.php?rest_route=\/wp\/v2\/posts\/9941\/revisions"}],"predecessor-version":[{"id":9949,"href":"https:\/\/www.reunion68.se\/index.php?rest_route=\/wp\/v2\/posts\/9941\/revisions\/9949"}],"wp:attachment":[{"href":"https:\/\/www.reunion68.se\/index.php?rest_route=%2Fwp%2Fv2%2Fmedia&parent=9941"}],"wp:term":[{"taxonomy":"category","embeddable":true,"href":"https:\/\/www.reunion68.se\/index.php?rest_route=%2Fwp%2Fv2%2Fcategories&post=9941"},{"taxonomy":"post_tag","embeddable":true,"href":"https:\/\/www.reunion68.se\/index.php?rest_route=%2Fwp%2Fv2%2Ftags&post=9941"}],"curies":[{"name":"wp","href":"https:\/\/api.w.org\/{rel}","templated":true}]}}