{"id":99652,"date":"2022-11-27T17:09:45","date_gmt":"2022-11-27T15:09:45","guid":{"rendered":"http:\/\/www.reunion68.se\/?p=99652"},"modified":"2022-11-23T11:03:35","modified_gmt":"2022-11-23T09:03:35","slug":"19-09-81","status":"publish","type":"post","link":"https:\/\/www.reunion68.se\/?p=99652","title":{"rendered":"\u201e\u017bycie i Zag\u0142ada che\u0142mskich \u017byd\u00f3w w 80 rocznic\u0119 likwidacji getta w Che\u0142mie\u201d. Zapraszamy na wystaw\u0119"},"content":{"rendered":"<p><img decoding=\"async\" class=\"aligncenter\" src=\"https:\/\/www.jhi.pl\/storage\/image\/core_files\/2021\/1\/4\/dc409bbfd765032572fe7e72e35c47f6\/jpg\/jhi\/header\/JHI_thumbnail_1.webp\" width=\"100%\"><\/p>\n<hr>\n<h5 style=\"text-align: center;\"><a href=\"https:\/\/www.jhi.pl\/\" target=\"_blank\" rel=\"noopener noreferrer\"><img decoding=\"async\" class=\"center alignleft\" src=\"http:\/\/www.reunion68.com\/Biuletyn\/img\/zih-1.png\" alt=\"\" width=\"35%\"><\/a><span style=\"text-decoration: underline; color: #000080;\"><strong><a style=\"color: #000080; text-decoration: underline;\" href=\"https:\/\/www.jhi.pl\/artykuly\/zycie-i-zaglada-chelmskich-zydow-w-80-rocznice-likwidacji-getta-w-chelmie-zapraszamy-na-wystawe,6350\" target=\"_blank\" rel=\"noopener noreferrer\">\u201e\u017bycie i Zag\u0142ada che\u0142mskich \u017byd\u00f3w w 80 rocznic\u0119 likwidacji getta w Che\u0142mie\u201d. Zapraszamy na wystaw\u0119<\/a><\/strong><\/span><\/h5>\n<p style=\"text-align: center;\"><span style=\"color: #000000;\"><strong>\u017bydowski Instytut Historyczny<\/strong><\/span><\/p>\n<hr style=\"height: 15px; background: #d0e6fa; width: 100%;\">\n<h4 style=\"text-align: center;\"><span style=\"color: #808080;\"><strong>Wraz z Muzeum Ziemi Che\u0142mskiej im. W. Ambroziewicza w Che\u0142mie zapraszamy na wystaw\u0119 \u201e\u017bycie i Zag\u0142ada che\u0142mskich \u017byd\u00f3w w 80 rocznic\u0119 likwidacji getta w Che\u0142mie\u201d. \u017bydowski Instytut Historyczny jest partnerem ekspozycji.<\/strong><\/span><\/h4>\n<hr>\n<p><img decoding=\"async\" class=\"aligncenter\" src=\"https:\/\/www.jhi.pl\/storage\/image\/core_files\/2022\/11\/7\/9723f25956eb290cf9e5489389b43f26\/jpg\/jhi\/normal_big\/11_2022_Che%C5%82m%20(5).jpg\" alt=\"11_2022_Che\u0142m (5).jpg\" width=\"100%\" data-title=\"\"><\/p>\n<p style=\"text-align: left;\"><span style=\"color: #000080;\">\u201e\u017bydzi w Che\u0142mie, na mapie pami\u0119ci spo\u0142eczno\u015bci \u017cydowskich innych miast Polski, zajmuj\u0105 szczeg\u00f3lne miejsce. Stanowili blisko po\u0142ow\u0119 obok Polak\u00f3w, Ukrai\u0144c\u00f3w i Niemc\u00f3w. W 1939 r. Che\u0142m liczy\u0142 33 662 mieszka\u0144c\u00f3w i by\u0142 obok Lublina jednym z najwi\u0119kszych skupisk ludno\u015bci \u017cydowskiej na Lubelszczy\u017anie (15 000). W okresie mi\u0119dzywojennym \u017bydzi tworzyli tradycyjn\u0105 spo\u0142eczno\u015b\u0107. Poza niewielk\u0105 warstw\u0105 ludno\u015bci zamo\u017cnej i wykszta\u0142conej, wi\u0119kszo\u015b\u0107 utrzymywa\u0142a si\u0119 z drobnego handlu i rzemios\u0142a. W\u015br\u00f3d starszego pokolenia dominowali ortodoksi i chasydzi. W latach 20. XX w. g\u0142\u00f3wnym rabinem Che\u0142ma by\u0142 Majer Najhauz (nazywany tomaszower rebe)\u201d.<\/span><\/p>\n<hr>\n<p><img decoding=\"async\" class=\"aligncenter\" src=\"https:\/\/www.jhi.pl\/storage\/image\/core_files\/2022\/11\/7\/57fb4d2ddd8c77ef5ea4ee959038449a\/jpg\/jhi\/large\/Chelm_plakat_comp.jpg\" alt=\"Chelm_plakat_comp.jpg\" width=\"100%\" data-title=\"\"><\/p>\n<hr>\n<p><img decoding=\"async\" class=\"aligncenter\" src=\"https:\/\/www.jhi.pl\/storage\/image\/core_files\/2022\/11\/7\/fcdd9bd24db19912d28ff518e03b8320\/jpg\/jhi\/large\/11_2022_Che%C5%82m%20(2).jpg\" alt=\"11_2022_Che\u0142m (2).jpg\" width=\"100%&quot;\" data-title=\"\"><\/p>\n<hr>\n<p><img decoding=\"async\" class=\"aligncenter\" src=\"https:\/\/www.jhi.pl\/storage\/image\/core_files\/2022\/11\/7\/b090dde26da928c1458efac269083591\/jpg\/jhi\/large\/11_2022_Che%C5%82m%20(1).jpg\" alt=\"11_2022_Che\u0142m (1).jpg\" width=\"100%\" data-title=\"\"><\/p>\n<hr>\n<p><img decoding=\"async\" class=\"aligncenter\" src=\"https:\/\/www.jhi.pl\/storage\/image\/core_files\/2022\/11\/7\/8c4250d0c27379f6fcec949b0e383515\/jpg\/jhi\/large\/11_2022_Che%C5%82m%20(3).jpg\" alt=\"11_2022_Che\u0142m (3).jpg\" width=\"100%\" data-title=\"\"><\/p>\n<hr>\n<p><img decoding=\"async\" class=\"aligncenter\" src=\"https:\/\/www.jhi.pl\/storage\/image\/core_files\/2022\/11\/7\/b1b30fec860f4129c89b2efe1f1a8ea2\/jpg\/jhi\/large\/11_2022_Che%C5%82m%20(4).jpg\" alt=\"11_2022_Che\u0142m (4).jpg\" width=\"100%\" data-title=\"\"><\/p>\n<p style=\"text-align: left;\"><span style=\"color: #000080;\">\u201eW Che\u0142mie zacz\u0119to m\u00f3wi\u0107, \u017ce b\u0119d\u0105 tu mogli pozosta\u0107 tylko pracuj\u0105cy. W maju 42 by\u0142a pierwsza akcja. Milicja \u017cydowska i granatowa chodzi\u0142a z SS owcami po mieszkaniach i zabiera\u0142a starszych ludzi, przewa\u017cnie \u017byd\u00f3w s\u0142owackich. Akcj\u0119 prowadzi\u0142 Teimer SD. \u017bydzi zostali wys\u0142ani poci\u0105gami do W\u0142odawy ale cz\u0119\u015b\u0107 wy\u0142adowano w Sobiborze w kt\u00f3rym by\u0142 ju\u017c ob\u00f3z \u015bmierci ale my\u015bmy o tym nie wiedzieli\u201d<\/span><\/p>\n<p style=\"text-align: left;\"><span style=\"color: #000080;\">\u2013 wspomina\u0142a Gitla Libhaber w relacji z\u0142o\u017conej po wojnie w Archiwum \u017bydowskiego Instytutu Historycznego.<\/span><\/p>\n<p style=\"text-align: left;\"><span style=\"color: #000080;\">6 listopada 1942 roku Niemcy zarz\u0105dzili zakaz wst\u0119pu do \u201edzielnicy zamkni\u0119tej\u201d w Che\u0142mie. To wtedy przeprowadzili ostateczn\u0105 likwidacj\u0119.<\/span><\/p>\n<p style=\"text-align: left;\"><span style=\"color: #000080;\">Na wystawie \u201e\u017bycie i Zag\u0142ada che\u0142mskich \u017byd\u00f3w w 80 rocznic\u0119 likwidacji getta w Che\u0142mie\u201d mo\u017cna obejrze\u0107 wyb\u00f3r zdj\u0119\u0107 i dokument\u00f3w przedstawiaj\u0105cych \u017cycie i zag\u0142ad\u0119 tamtejszej spo\u0142eczno\u015bci w 1942 roku. Ekspozycja przywo\u0142uje tak\u017ce relacje Ocala\u0142ych \u2013 tych, kt\u00f3rzy prze\u017cyli getto w Che\u0142mie \u2013 z naszego Archiwum.<\/span><\/p>\n<p style=\"text-align: left;\"><span style=\"color: #000080;\">Ekspozycj\u0119 na skwerze Szmula Zygielbojma, ul. Mickiewicza 6, w Che\u0142mie b\u0119dzie mo\u017cna ogl\u0105da\u0107 od dzi\u015b do 30 grudnia 2022 roku.<\/span><\/p>\n<hr style=\"height: 15px; background: #d0e6fa; width: 100%;\">\n<div id=\"content\" class=\"content-alignment\">\n<div id=\"watch-description\" class=\"yt-uix-button-panel\">\n<div id=\"watch-description-text\" style=\"text-align: center;\">\n<p><em>Zawarto\u015b\u0107 publikowanych artyku\u0142\u00f3w i materia\u0142\u00f3w nie reprezentuje pogl\u0105d\u00f3w ani opinii Reunion&#8217;68,<\/em><em><br \/>\nani te\u017c webmastera Blogu Reunion&#8217;68, chyba ze jest to wyra\u017anie zaznaczone.<br \/>\nTwoje uwagi, linki, w\u0142asne artyku\u0142y lub wiadomo\u015bci prze\u015blij na adres:<br \/>\n<\/em><span style=\"color: #000080;\"><strong><em><a style=\"color: #000080;\" href=\"mailto:webmaster@reunion68.com\"><span style=\"text-decoration: underline;\">webmaster@reunion68.com<\/span><\/a><\/em><\/strong><\/span><\/p>\n<\/div>\n<\/div>\n<\/div>\n<hr style=\"width: 100%;\">\n","protected":false},"excerpt":{"rendered":"<p>\u201e\u017bycie i Zag\u0142ada che\u0142mskich \u017byd\u00f3w w 80 rocznic\u0119 likwidacji getta w Che\u0142mie\u201d. Zapraszamy na wystaw\u0119 \u017bydowski Instytut Historyczny Wraz z Muzeum Ziemi Che\u0142mskiej im. W. Ambroziewicza w Che\u0142mie zapraszamy na wystaw\u0119 \u201e\u017bycie i Zag\u0142ada che\u0142mskich \u017byd\u00f3w w 80 rocznic\u0119 likwidacji getta w Che\u0142mie\u201d. \u017bydowski Instytut Historyczny jest partnerem ekspozycji. \u201e\u017bydzi w Che\u0142mie, na mapie pami\u0119ci [&hellip;]<\/p>\n","protected":false},"author":1,"featured_media":0,"comment_status":"closed","ping_status":"closed","sticky":false,"template":"","format":"standard","meta":[],"categories":[6],"tags":[26,24],"_links":{"self":[{"href":"https:\/\/www.reunion68.se\/index.php?rest_route=\/wp\/v2\/posts\/99652"}],"collection":[{"href":"https:\/\/www.reunion68.se\/index.php?rest_route=\/wp\/v2\/posts"}],"about":[{"href":"https:\/\/www.reunion68.se\/index.php?rest_route=\/wp\/v2\/types\/post"}],"author":[{"embeddable":true,"href":"https:\/\/www.reunion68.se\/index.php?rest_route=\/wp\/v2\/users\/1"}],"replies":[{"embeddable":true,"href":"https:\/\/www.reunion68.se\/index.php?rest_route=%2Fwp%2Fv2%2Fcomments&post=99652"}],"version-history":[{"count":13,"href":"https:\/\/www.reunion68.se\/index.php?rest_route=\/wp\/v2\/posts\/99652\/revisions"}],"predecessor-version":[{"id":99816,"href":"https:\/\/www.reunion68.se\/index.php?rest_route=\/wp\/v2\/posts\/99652\/revisions\/99816"}],"wp:attachment":[{"href":"https:\/\/www.reunion68.se\/index.php?rest_route=%2Fwp%2Fv2%2Fmedia&parent=99652"}],"wp:term":[{"taxonomy":"category","embeddable":true,"href":"https:\/\/www.reunion68.se\/index.php?rest_route=%2Fwp%2Fv2%2Fcategories&post=99652"},{"taxonomy":"post_tag","embeddable":true,"href":"https:\/\/www.reunion68.se\/index.php?rest_route=%2Fwp%2Fv2%2Ftags&post=99652"}],"curies":[{"name":"wp","href":"https:\/\/api.w.org\/{rel}","templated":true}]}}