{"id":99658,"date":"2022-11-15T17:09:02","date_gmt":"2022-11-15T15:09:02","guid":{"rendered":"http:\/\/www.reunion68.se\/?p=99658"},"modified":"2022-11-12T15:57:39","modified_gmt":"2022-11-12T13:57:39","slug":"14-09-75","status":"publish","type":"post","link":"https:\/\/www.reunion68.se\/?p=99658","title":{"rendered":"Dla niego pok\u00f3j oznacza zabijanie \u017byd\u00f3w"},"content":{"rendered":"<p style=\"text-align: center;\"><img decoding=\"async\" class=\"aligncenter\" src=\"https:\/\/www.gatestoneinstitute.org\/pics\/3616.jpg\" width=\"100%\" \/><span style=\"color: #808080;\"><em>Kiedy prezydent Autonomii Palesty\u0144skiej Mahmoud Abbas przem\u00f3wi do Zgromadzenia Og\u00f3lnego ONZ w Nowym Jorku pod koniec tego miesi\u0105ca, nie powie swoim s\u0142uchaczom, \u017ce cz\u0142onkowie jego rz\u0105dz\u0105cej frakcji Fatah szalej\u0105 na Zachodnim Brzegu, gdzie przeprowadzaj\u0105 codziennie ataki terrorystyczne przeciwko dzia\u0142aczom palesty\u0144skim i dziennikarzom, a tak\u017ce Izraelczykom. Na zdj\u0119ciu: Abbas wyg\u0142asza przem\u00f3wienie w ONZ 27 wrze\u015bnia 2018 r. w Nowym Jorku. (Zdj\u0119cie: Stephanie Keith\/Getty Images)<\/em><\/span><\/p>\n<hr \/>\n<h5 style=\"text-align: center;\"><a href=\"https:\/\/pl.gatestoneinstitute.org\/\" target=\"_blank\" rel=\"noopener noreferrer\"><img decoding=\"async\" class=\"center alignleft\" src=\"https:\/\/pl.gatestoneinstitute.org\/images\/gatestone-logo-1000.gif\" alt=\"\" width=\"50%\" \/><\/a><span style=\"text-decoration: underline; color: #000080;\"><span style=\"text-decoration: underline;\"><strong><a style=\"color: #000080; text-decoration: underline;\" href=\"https:\/\/pl.gatestoneinstitute.org\/19102\/dla-niego-pokoj-oznacza-zabijanie-zydow\" target=\"_blank\" rel=\"noopener noreferrer\"><br \/>\nDla niego pok\u00f3j oznacza zabijanie \u017byd\u00f3w<\/a><\/strong><\/span><\/span><\/h5>\n<p style=\"text-align: center;\"><span style=\"color: #000000;\"><strong>Bassam Tawil<br \/>\n<\/strong><em><span style=\"color: #808080;\">t\u0142umaczenie:<\/span><\/em><strong> Ma\u0142gorzata Koraszewska<\/strong><\/span><\/p>\n<hr style=\"height: 15px; background: #d0e6fa; width: 100%;\" \/>\n<div class=\"article_body itemprop_articlebody\">\n<p style=\"text-align: left;\"><span style=\"color: #000080;\">Gdy prezydent Autonomii Palesty\u0144skiej Mahmoud Abbas przygotowuje si\u0119 do wyst\u0105pienia na Zgromadzeniu Og\u00f3lnym ONZ w Nowym Jorku pod koniec tego miesi\u0105ca, pojawiaj\u0105 si\u0119 coraz wi\u0119cej sygna\u0142\u00f3w, \u017ce jego ludzie dokonuj\u0105 atak\u00f3w terrorystycznych przeciwko Izraelowi.<\/span><\/p>\n<p style=\"text-align: left;\"><span style=\"color: #000080;\">Tak jak robi\u0142 to w przesz\u0142o\u015bci, Abbas bez w\u0105tpienia\u00a0<a style=\"color: #000080;\" href=\"https:\/\/www.jpost.com\/arab-israeli-conflict\/article-690281\" target=\"_blank\" rel=\"noopener noreferrer\">ponownie<\/a>\u00a0wykorzysta podium ONZ, aby potwierdzi\u0107 swoj\u0105 gotowo\u015b\u0107 do zawarcia pokoju z Izraelem i sprzeciw wobec terroryzmu i przemocy. Nie trzeba dodawa\u0107, \u017ce\u00a0<a style=\"color: #000080;\" href=\"https:\/\/www.bbc.com\/news\/world-middle-east-29387079\" target=\"_blank\" rel=\"noopener noreferrer\">wykorzysta<\/a>\u00a0mi\u0119dzynarodow\u0105 platform\u0119 do rzucenia kolejnych k\u0142amstw i krwawych oszczerstw przeciwko Izraelowi i \u017bydom.<\/span><\/p>\n<p style=\"text-align: left;\"><span style=\"color: #000080;\">Jedno jest pewne. Abbas nie powie swoim s\u0142uchaczom w ONZ, \u017ce cz\u0142onkowie jego rz\u0105dz\u0105cej frakcji Fatah szalej\u0105 na Zachodnim Brzegu, gdzie niemal codziennie przeprowadzaj\u0105 ataki terrorystyczne przeciwko palesty\u0144skim dzia\u0142aczom i palesty\u0144skim dziennikarzom, a tak\u017ce Izraelczykom. Ci terrory\u015bci, lojalni wobec Abbasa,\u00a0<a style=\"color: #000080;\" href=\"https:\/\/twitter.com\/JoeTruzman\/status\/1568362724203327488?s=20&amp;t=KLUral0Y5wVzNrunHJpNJg\" target=\"_blank\" rel=\"noopener noreferrer\">dzia\u0142aj\u0105<\/a>\u00a0na p\u00f3\u0142nocnym Zachodnim Brzegu [tj. Judei i Samarii. MK], a konkretnie w palesty\u0144skich miastach D\u017canin i Nablus.<\/span><\/p>\n<p style=\"text-align: left;\"><span style=\"color: #000080;\">Terrory\u015bci Abbasa, uzbrojeni w r\u00f3\u017cnego rodzaju bro\u0144 i \u0142adunki wybuchowe, przemierzaj\u0105 ulice obu miast i otwarcie deklaruj\u0105 swoje poparcie dla terroryzmu.<\/span><\/p>\n<p style=\"text-align: left;\"><span style=\"color: #000080;\">Terrory\u015bci s\u0105 g\u0142\u00f3wnie powi\u0105zani z uzbrojon\u0105 grup\u0105 Fatahu, Brygadami M\u0119czennik\u00f3w Aksa. Inna zwi\u0105zana z Fatahem grupa, kt\u00f3ra niedawno pojawi\u0142a si\u0119 na ulicach Nablusu, nazywa siebie Jaskini\u0105 Lwa.<\/span><\/p>\n<p style=\"text-align: left;\"><span style=\"color: #000080;\">W ci\u0105gu ostatnich kilku miesi\u0119cy terrory\u015bci Fatahu przeprowadzili wiele atak\u00f3w zar\u00f3wno na Palesty\u0144czyk\u00f3w, jak i Izraelczyk\u00f3w. Wiadomo r\u00f3wnie\u017c, \u017ce wielu\u00a0<a style=\"color: #000080;\" href=\"https:\/\/www.bbc.com\/news\/world-middle-east-29387079\" target=\"_blank\" rel=\"noopener noreferrer\">terroryst\u00f3w<\/a>\u00a0wsp\u00f3\u0142pracuje z wspieranymi przez Iran islamistycznymi grupami terrorystycznymi, Hamasem i Palesty\u0144skim Islamskim D\u017cihadem (PIJ).<\/span><\/p>\n<p style=\"text-align: left;\"><span style=\"color: #000080;\">Terrory\u015bci Fatahu\u00a0<a style=\"color: #000080;\" href=\"https:\/\/hadarat.net\/post\/31437\/%D9%83%D8%AA%D8%A7%D8%A6%D8%A8-%D8%B4%D9%87%D8%AF%D8%A7%D8%A1-%D8%A7%D9%84%D8%A3%D9%82%D8%B5%D9%89-%D8%AA%D8%B9%D9%84%D9%86-%D9%85%D8%B3%D8%A4%D9%84%D9%8A%D8%AA%D9%87%D8%A7-%D8%B9%D9%86-%D9%85%D9%87%D8%A7%D8%AC%D9%85%D8%A9-%D8%A7%D9%84%D8%AC%D9%8A%D8%B4-%D8%B9%D9%86%D8%AF-%D9%82%D8%A8%D8%B1-%D9%8A%D9%88%D8%B3%D9%81\" target=\"_blank\" rel=\"noopener noreferrer\">przeprowadzili<\/a>\u00a0ostatnio kilka zamach\u00f3w na \u017byd\u00f3w odwiedzaj\u0105cych Gr\u00f3b J\u00f3zefa w Nablusie.<\/span><\/p>\n<p style=\"text-align: left;\"><span style=\"color: #000080;\">Brygady M\u0119czennik\u00f3w Aqsa wr\u0119cz\u00a0<a style=\"color: #000080;\" href=\"https:\/\/new.sahafahn.net\/news13850838.html\" target=\"_blank\" rel=\"noopener noreferrer\">chwali\u0142y<\/a>\u00a0si\u0119 atakami terrorystycznymi w pisemnym o\u015bwiadczeniu. Grupa przysi\u0119g\u0142a r\u00f3wnie\u017c, \u017ce b\u0119dzie kontynuowa\u0107 ataki terrorystyczne.<\/span><\/p>\n<p style=\"text-align: left;\"><span style=\"color: #000080;\">W zesz\u0142ym miesi\u0105cu\u00a0<a style=\"color: #000080;\" href=\"https:\/\/www.independentarabia.com\/node\/361491\/%D8%B3%D9%8A%D8%A7%D8%B3%D8%A9\/%D8%AA%D9%82%D8%A7%D8%B1%D9%8A%D8%B1\/%D8%B9%D9%86%D9%81-%D8%A7%D9%84%D8%B6%D9%81%D8%A9-%D8%A5%D8%B3%D8%B1%D8%A7%D8%A6%D9%8A%D9%84-%D8%AA%D8%B3%D9%82%D8%B7-%D9%81%D9%8A-%D8%A7%D9%84%D8%AA%D8%B4%D8%A7%D8%A4%D9%85-%D9%88%D8%B9%D9%8A%D9%86%D9%87%D8%A7-%D8%B9%D9%84%D9%89-%D9%82%D8%A8%D8%B1-%D9%8A%D9%88%D8%B3%D9%81\" target=\"_blank\" rel=\"noopener noreferrer\">armii<\/a>\u00a0izraelskiej uda\u0142o si\u0119 zlikwidowa\u0107 Ibrahima al-Nabulsiego, jednego z przyw\u00f3dc\u00f3w Brygad M\u0119czennik\u00f3w Aksa w Nablusie, poszukiwanego za przeprowadzenie serii zamach\u00f3w z broni\u0105 paln\u0105.<\/span><\/p>\n<p style=\"text-align: left;\"><span style=\"color: #000080;\">Po jego \u015bmierci przyw\u00f3dcy Fatah\u00a0<a style=\"color: #000080;\" href=\"https:\/\/khbrpress.ps\/post\/340557\/%D8%A7%D9%84%D9%85%D8%AC%D9%84%D8%B3-%D8%A7%D9%84%D9%85%D8%B1%D9%83%D8%B2%D9%8A-%D9%8A%D8%B9%D9%82%D8%AF-%D8%AC%D9%84%D8%B3%D8%A9-%D8%AA%D8%B4%D8%A7%D9%88%D8%B1%D9%8A%D8%A9-%D8%A8%D8%B9%D9%86%D9%88%D8%A7%D9%86-%D8%A7%D9%84%D8%B4%D9%87%D9%8A%D8%AF-%D8%A5%D8%A8%D8%B1%D8%A7%D9%87%D9%8A%D9%85-%D8%A7%D9%84%D9%86%D8%A7%D8%A8%D9%84%D8%B3%D9%8A\" target=\"_blank\" rel=\"noopener noreferrer\">zorganizowali<\/a>\u00a0konferencj\u0119 nazwan\u0105 imieniem zabitego terrorysty w Ramallah,\u00a0<i>de facto<\/i>\u00a0stolicy Palesty\u0144czyk\u00f3w. By\u0142 to gest ze strony Abbasa i jego wsp\u00f3\u0142pracownik\u00f3w, by uczci\u0107 zabitego terroryst\u0119. Abbas\u00a0<a style=\"color: #000080;\" href=\"https:\/\/qudsnet.com\/post\/538819\/%D8%A7%D9%84%D8%B1%D8%A6%D9%8A%D8%B3-%D9%85%D8%AD%D9%85%D9%88%D8%AF-%D8%B9%D8%A8%D8%A7%D8%B3-%D9%8A%D9%87%D8%A7%D8%AA%D9%81-%D8%B0%D9%88%D9%8A-%D8%B4%D9%87%D8%AF%D8%A7%D8%A1-%D9%86%D8%A7%D8%A8%D9%84%D8%B3-%D8%A7%D9%84%D8%AB%D9%84%D8%A7%D8%AB%D8%A9\" target=\"_blank\" rel=\"noopener noreferrer\">zadzwoni\u0142<\/a>\u00a0nawet do rodzic\u00f3w al-Nabulsiego i dw\u00f3ch innych terroryst\u00f3w z Fatah, aby z\u0142o\u017cy\u0107 kondolencje i wychwala\u0107 terroryst\u00f3w jako &#8220;m\u0119czennik\u00f3w&#8221;.<\/span><\/p>\n<p style=\"text-align: left;\"><span style=\"color: #000080;\">W zesz\u0142ym tygodniu izraelscy policjanci\u00a0<a style=\"color: #000080;\" href=\"https:\/\/twitter.com\/JoeTruzman\/status\/1567889523052548103?s=20&amp;t=KLUral0Y5wVzNrunHJpNJg\" target=\"_blank\" rel=\"noopener noreferrer\">aresztowali<\/a>\u00a0palesty\u0144skiego terroryst\u0119 w mie\u015bcie Jaffa, niedaleko Tel Awiwu. Terrorysta, kt\u00f3ry by\u0142 w drodze do przeprowadzenia ataku,\u00a0<a style=\"color: #000080;\" href=\"https:\/\/twitter.com\/JoeTruzman\/status\/1568046032155705345?s=20&amp;t=KLUral0Y5wVzNrunHJpNJg\" target=\"_blank\" rel=\"noopener noreferrer\">nale\u017ca\u0142<\/a>\u00a0do powi\u0105zanej z Fatahem grupy terrorystycznej Jaskinia Lwa. Policja znalaz\u0142a w samochodzie terrorysty pistolet maszynowy i bomby rurowe.<\/span><\/p>\n<p style=\"text-align: left;\"><span style=\"color: #000080;\">Ostatnio Palesty\u0144czycy og\u0142osili, \u017ce Hamad Abu Jildeh, 24-letni m\u0119\u017cczyzna z D\u017caninu,\u00a0<a style=\"color: #000080;\" href=\"https:\/\/almajd.net\/2022\/09\/11\/%D8%A7%D9%84%D8%B6%D9%81%D8%A9-%D8%AA%D9%82%D8%A7%D8%AA%D9%84-%D8%A7%D8%B3%D8%AA%D8%B4%D9%87%D8%A7%D8%AF-%D8%A7%D9%84%D9%82%D8%A7%D8%A6%D8%AF-%D8%A8%D9%83%D8%AA%D8%A7%D8%A6%D8%A8-%D8%B4%D9%87%D8%AF\/\" target=\"_blank\" rel=\"noopener noreferrer\">zmar\u0142<\/a>\u00a0z powodu ran odniesionych podczas starcia zbrojnego z izraelskimi \u017co\u0142nierzami kilka dni wcze\u015bniej. Palesty\u0144czycy ujawnili, \u017ce Abu D\u017cildeh by\u0142 jednym z dow\u00f3dc\u00f3w Brygad M\u0119czennik\u00f3w Al-Aksa Abbasa.\u00a0<a style=\"color: #000080;\" href=\"https:\/\/twitter.com\/zahraommalk\/status\/1568848787749076992?s=20&amp;t=KLUral0Y5wVzNrunHJpNJg\" target=\"_blank\" rel=\"noopener noreferrer\">Wideo<\/a>, jakie pojawi\u0142o si\u0119 na platformach spo\u0142eczno\u015bciowych, przedstawia\u0142o Abu D\u017cildeha, gdy strzela\u0142 do izraelskich \u017co\u0142nierzy w obozie dla uchod\u017ac\u00f3w w D\u017canin. Podczas jego\u00a0<a style=\"color: #000080;\" href=\"https:\/\/twitter.com\/basel_abuhassan\/status\/1568989733170315264?s=20&amp;t=KLUral0Y5wVzNrunHJpNJg\" target=\"_blank\" rel=\"noopener noreferrer\">pogrzebu<\/a>\u00a0cz\u0142onkowie Fatahu wezwali Palesty\u0144czyk\u00f3w do przeprowadzania kolejnych atak\u00f3w.<\/span><\/p>\n<p style=\"text-align: left;\"><span style=\"color: #000080;\">Abu D\u017cildeh i al-Nabulsi to dwaj spo\u015br\u00f3d kilku terroryst\u00f3w Fatahu zabitych lub zatrzymanych w ostatnich tygodniach. Terrory\u015bci ci nale\u017c\u0105 do frakcji palesty\u0144skiej, kt\u00f3r\u0105 ludzie Zachodu cz\u0119sto\u00a0<a style=\"color: #000080;\" href=\"https:\/\/www.voanews.com\/a\/a-13-2006-10-03-voa16\/316366.html\" target=\"_blank\" rel=\"noopener noreferrer\">okre\u015blaj\u0105<\/a>\u00a0jako &#8220;umiarkowan\u0105&#8221;. Dow\u00f3dc\u0105 tych terroryst\u00f3w jest nie kto inny jak Mahmoud Abbas, kt\u00f3ry opr\u00f3cz pe\u0142nienia funkcji prezydenta Autonomii Palesty\u0144skiej jest tak\u017ce przewodnicz\u0105cym Fatahu.<\/span><\/p>\n<p style=\"text-align: left;\"><span style=\"color: #000080;\">Abbas i wy\u017csi przyw\u00f3dcy Fatah nie powiedzieli ani s\u0142owa przeciwko zaanga\u017cowaniu ich ludzi w terroryzm.<\/span><\/p>\n<p style=\"text-align: left;\"><span style=\"color: #000080;\">Abbas i przyw\u00f3dcy Fatahu nadal gloryfikuj\u0105 terroryst\u00f3w. Ponadto Abbas odm\u00f3wi\u0142 powstrzymania lub rozbrojenia terroryst\u00f3w. Zamiast tego Abbas i jego rzecznicy nadal, jak zwykle,\u00a0<a style=\"color: #000080;\" href=\"https:\/\/www.wafa.ps\/Pages\/Details\/54942\" target=\"_blank\" rel=\"noopener noreferrer\">obwiniaj\u0105<\/a>\u00a0Izrael za ostatni wybuch przemocy na Zachodnim Brzegu. W rzeczywisto\u015bci m\u00f3wi\u0105, \u017ce Izrael nie ma prawa broni\u0107 si\u0119 ani udaremnia\u0107 atak\u00f3w terrorystycznych planowanych i przeprowadzanych przez terroryst\u00f3w, zw\u0142aszcza nale\u017c\u0105cych do Fatahu.<\/span><\/p>\n<p style=\"text-align: left;\"><span style=\"color: #000080;\">Zdaniem Abbasa i innych przyw\u00f3dc\u00f3w palesty\u0144skich, palesty\u0144scy prawnicy, dziennikarze i aktywi\u015bci \u017c\u0105daj\u0105cy wolno\u015bci, a tak\u017ce \u017bydzi powinni po prostu akceptowa\u0107 codzienne ataki terrorystyczne przeciwko nim. Abbas krzyczy &#8220;terroryzm&#8221; tylko wtedy, gdy Izrael zabije lub aresztuje terroryst\u0119.<\/span><\/p>\n<p style=\"text-align: left;\"><span style=\"color: #000080;\">To ten sam Abbas, kt\u00f3ry wkr\u00f3tce pojawi si\u0119 na Zgromadzeniu Og\u00f3lnym ONZ, aby ponownie odegra\u0107 rol\u0119 ofiary i oskar\u017cy\u0107 Izrael o &#8220;ludob\u00f3jstwo&#8221; i &#8220;czystki etniczne&#8221;. Od kiedy doszed\u0142 do w\u0142adzy w 2005 roku, Abbas ok\u0142amuje ONZ i inne instytucje mi\u0119dzynarodowe.<\/span><\/p>\n<p style=\"text-align: left;\"><span style=\"color: #000080;\">Pod\u0105\u017caj\u0105c \u015bladami swojego poprzednika, Jasera Arafata, strategia Abbasa polega na oszukiwaniu \u015bwiata przez szerzenie fa\u0142szywego twierdzenia, \u017ce Izrael jest odpowiedzialny za wszystkie nieszcz\u0119\u015bcia Palesty\u0144czyk\u00f3w \u2013 posuni\u0119cie to jest pr\u00f3b\u0105 ukrycia w\u0142asnego z\u0142ego przyw\u00f3dztwa.<\/span><\/p>\n<p style=\"text-align: left;\"><span style=\"color: #000080;\">Podobnie jak Arafat, Abbas b\u0119dzie nadal m\u00f3wi\u0142 o pragnieniu pokoju Palesty\u0144czyk\u00f3w, jednocze\u015bnie zach\u0119caj\u0105c swoich terroryst\u00f3w z Fatahu do dalszego terroryzmu. Gdyby Abbas naprawd\u0119 chcia\u0142 powstrzyma\u0107 terroryst\u00f3w, przynajmniej poinstruowa\u0142by swoje si\u0142y bezpiecze\u0144stwa, aby skonfiskowa\u0142y nielegaln\u0105 bro\u0144 i aresztowa\u0142y terroryst\u00f3w.<\/span><\/p>\n<p style=\"text-align: left;\"><span style=\"color: #000080;\">Abbas jednak tego nie zrobi, poniewa\u017c sam uwa\u017ca terroryst\u00f3w za bohater\u00f3w i m\u0119czennik\u00f3w. Co wi\u0119cej, nie ma motywacji do rozprawienia si\u0119 z terrorystami; w ko\u0144cu nie stanowi\u0105 zagro\u017cenia dla jego re\u017cimu.<\/span><\/p>\n<p style=\"text-align: left;\"><span style=\"color: #000080;\">Tymczasem Abbas doskonale wie, \u017ce jego pod\u017ceganie przeciwko Izraelowi by\u0142o tak skuteczne, \u017ce gdyby kiedykolwiek zawar\u0142 pok\u00f3j z Izraelem, jego w\u0142asny lud dokona\u0142by jego egzekucji za zdrad\u0119.<\/span><\/p>\n<p style=\"text-align: left;\"><span style=\"color: #000080;\">Abbas podczas swojego przem\u00f3wienia w ONZ oczywi\u015bcie nie wspomni o terrorystach Fatahu. Nie b\u0119dzie te\u017c m\u00f3wi\u0142 o szerz\u0105cej si\u0119 korupcji w jego rz\u0105dzie i niewykonywaniu przez si\u0142y bezpiecze\u0144stwa Autonomii Palesty\u0144skiej ich obowi\u0105zku egzekwowania prawa i porz\u0105dku oraz zapobiegania terroryzmowi.<\/span><\/p>\n<p style=\"text-align: left;\"><span style=\"color: #000080;\">Pa\u0144stwa cz\u0142onkowskie ONZ powinny przygotowa\u0107 si\u0119 na kolejn\u0105 list\u0119 k\u0142amstw i oszczerstw Abbasa, obarczaj\u0105ce win\u0105 wszystkich opr\u00f3cz niego samego za trwaj\u0105cy rozlew krwi. Przyda\u0142oby si\u0119, gdyby chocia\u017c jeden z przedstawicieli pa\u0144stw cz\u0142onkowskich przerwa\u0142 litani\u0119 Abbasa, by zapyta\u0107 o rol\u0119 jego ludzi w terroryzmie i o to, dlaczego nadal chwali terroryst\u00f3w, twierdz\u0105c r\u00f3wnocze\u015bnie, \u017ce Palesty\u0144czycy rzekomo d\u0105\u017c\u0105 do pokoju.<\/span><\/p>\n<hr \/>\n<p><span style=\"color: #808080;\"><i><strong>Bassam Tawil<\/strong> jest muzu\u0142ma\u0144skim badaczem i publicyst\u0105 mieszkaj\u0105cym na Bliskim Wschodzie.<\/i><\/span><\/p>\n<\/div>\n<hr style=\"height: 15px; background: #d0e6fa; width: 100%;\" \/>\n<div id=\"content\" class=\"content-alignment\">\n<div id=\"watch-description\" class=\"yt-uix-button-panel\">\n<div id=\"watch-description-text\" style=\"text-align: center;\">\n<p><em>Zawarto\u015b\u0107 publikowanych artyku\u0142\u00f3w i materia\u0142\u00f3w nie reprezentuje pogl\u0105d\u00f3w ani opinii Reunion&#8217;68,<\/em><em><br \/>\nani te\u017c webmastera Blogu Reunion&#8217;68, chyba ze jest to wyra\u017anie zaznaczone.<br \/>\nTwoje uwagi, linki, w\u0142asne artyku\u0142y lub wiadomo\u015bci prze\u015blij na adres:<br \/>\n<\/em><span style=\"color: #000080;\"><strong><em><a style=\"color: #000080;\" href=\"mailto:webmaster@reunion68.com\"><span style=\"text-decoration: underline;\">webmaster@reunion68.com<\/span><\/a><\/em><\/strong><\/span><\/p>\n<\/div>\n<\/div>\n<\/div>\n<hr style=\"width: 100%;\" \/>\n","protected":false},"excerpt":{"rendered":"<p>Kiedy prezydent Autonomii Palesty\u0144skiej Mahmoud Abbas przem\u00f3wi do Zgromadzenia Og\u00f3lnego ONZ w Nowym Jorku pod koniec tego miesi\u0105ca, nie powie swoim s\u0142uchaczom, \u017ce cz\u0142onkowie jego rz\u0105dz\u0105cej frakcji Fatah szalej\u0105 na Zachodnim Brzegu, gdzie przeprowadzaj\u0105 codziennie ataki terrorystyczne przeciwko dzia\u0142aczom palesty\u0144skim i dziennikarzom, a tak\u017ce Izraelczykom. Na zdj\u0119ciu: Abbas wyg\u0142asza przem\u00f3wienie w ONZ 27 wrze\u015bnia 2018 [&hellip;]<\/p>\n","protected":false},"author":1,"featured_media":0,"comment_status":"closed","ping_status":"closed","sticky":false,"template":"","format":"standard","meta":[],"categories":[6],"tags":[26,24],"_links":{"self":[{"href":"https:\/\/www.reunion68.se\/index.php?rest_route=\/wp\/v2\/posts\/99658"}],"collection":[{"href":"https:\/\/www.reunion68.se\/index.php?rest_route=\/wp\/v2\/posts"}],"about":[{"href":"https:\/\/www.reunion68.se\/index.php?rest_route=\/wp\/v2\/types\/post"}],"author":[{"embeddable":true,"href":"https:\/\/www.reunion68.se\/index.php?rest_route=\/wp\/v2\/users\/1"}],"replies":[{"embeddable":true,"href":"https:\/\/www.reunion68.se\/index.php?rest_route=%2Fwp%2Fv2%2Fcomments&post=99658"}],"version-history":[{"count":6,"href":"https:\/\/www.reunion68.se\/index.php?rest_route=\/wp\/v2\/posts\/99658\/revisions"}],"predecessor-version":[{"id":99680,"href":"https:\/\/www.reunion68.se\/index.php?rest_route=\/wp\/v2\/posts\/99658\/revisions\/99680"}],"wp:attachment":[{"href":"https:\/\/www.reunion68.se\/index.php?rest_route=%2Fwp%2Fv2%2Fmedia&parent=99658"}],"wp:term":[{"taxonomy":"category","embeddable":true,"href":"https:\/\/www.reunion68.se\/index.php?rest_route=%2Fwp%2Fv2%2Fcategories&post=99658"},{"taxonomy":"post_tag","embeddable":true,"href":"https:\/\/www.reunion68.se\/index.php?rest_route=%2Fwp%2Fv2%2Ftags&post=99658"}],"curies":[{"name":"wp","href":"https:\/\/api.w.org\/{rel}","templated":true}]}}