{"id":99662,"date":"2022-11-14T17:00:04","date_gmt":"2022-11-14T15:00:04","guid":{"rendered":"http:\/\/www.reunion68.se\/?p=99662"},"modified":"2022-11-10T15:19:34","modified_gmt":"2022-11-10T13:19:34","slug":"14-00-78","status":"publish","type":"post","link":"https:\/\/www.reunion68.se\/?p=99662","title":{"rendered":"\u2018My Life Has Been Enriched By Countless Jews,\u2019 Declares Rocker John Mellencamp in Fierce Denunciation of Antisemitism"},"content":{"rendered":"<h5 style=\"text-align: center;\"><a href=\"https:\/\/www.algemeiner.com\/\" target=\"_blank\" rel=\"noopener noreferrer\"><img decoding=\"async\" class=\"center alignleft\" src=\"http:\/\/www.reunion68.com\/Biuletyn\/img\/algem.png\" alt=\"\" width=\"35%\" \/><\/a><span style=\"text-decoration: underline; color: #000080;\"><span><strong><a style=\"color: #000080; text-decoration: underline;\" href=\"https:\/\/www.algemeiner.com\/2022\/11\/07\/my-life-has-been-enriched-by-countless-jews-declares-rocker-john-mellencamp-in-fierce-denunciation-of-antisemitism\/\" target=\"_blank\" rel=\"noopener noreferrer\">\u2018My Life Has Been Enriched By Countless Jews,\u2019 Declares Rocker John Mellencamp in Fierce Denunciation of Antisemitism<\/a><\/strong><\/span><\/span><\/h5>\n<p style=\"text-align: center;\"><span style=\"color: #000000;\"><strong>Algemeiner Staff<\/strong><\/span><\/p>\n<hr style=\"height: 15px; background: #d0e6fa; width: 100%;\" \/>\n<p style=\"text-align: center;\"><img decoding=\"async\" class=\"aligncenter\" src=\"https:\/\/www.algemeiner.com\/wp-content\/uploads\/2022\/11\/2022-09-30T143131Z_326299515_MT1USATODAY19144981_RTRMADP_3_JOHN-MELLENCAMP-S-LIVE-AND-IN-PERSON-2023-TOUR-INCLUDES-1.jpg\" width=\"100%\" \/><span style=\"color: #808080;\"><em>US rock star John Mellencamp on stage in Florida. Photo: Reuters\/Greg Swiercz<\/em><\/span><\/p>\n<p style=\"text-align: left;\"><span style=\"color: #000080;\">US rock star John Mellencamp issued a fierce denunciation of antisemitism from the stage at an event in Los Angeles honoring a prominent Jewish entertainment lawyer.<\/span><\/p>\n<p style=\"text-align: left;\"><span style=\"color: #000080;\">The composer of \u201cJack &amp; Diane,\u201d \u201cAin\u2019t Even Done With the Night\u201d and other hits was speaking at a ceremony on Sunday inducting lawyer Allen Grubman \u2014 who has represented Mellencamp, Bruce Springsteen, Mariah Carey and other top artists \u2014 into the Rock \u2018n\u2019 Roll Hall of Fame.<\/span><\/p>\n<p style=\"text-align: left;\"><span style=\"color: #000080;\">As Grubman prepared to walk onto the stage to accept the honor, Mellencamp told the audience: \u201cAllen is Jewish, and I bring that up for one reason: I\u2019m a gentile, and my life has been enriched by countless Jewish people.\u201d<\/span><\/p>\n<p style=\"text-align: left;\"><span style=\"color: #000080;\">Mellencamp then went on to condemn antisemitism in no uncertain terms, indirectly referencing the recent controversy involving hip hop star Kanye West\u2019s antisemitic outbursts.<\/span><\/p>\n<div id=\"post_content\">\n<p style=\"text-align: left;\"><span style=\"color: #000080;\">\u201cI cannot tell you how f\u2013king important it is to speak out if you\u2019re an artist against antisemitism,\u201d he stated. \u201cI don\u2019t give a f\u2013k, I don\u2019t care [what you are]. Here\u2019s the trick: Silence is complicity. I\u2019m standing here tonight loudly and proudly with Allen, his family and all of my Jewish friends and all of the Jewish people of the world.\u201d<\/span><\/p>\n<p style=\"text-align: left;\"><span style=\"color: #000080;\">In a barb seemingly directed at West, Mellencamp declared: \u201cF\u2013k antisemitism, and f\u2013k anybody who says anything in that manner.\u201d<\/span><\/p>\n<p style=\"text-align: left;\"><span style=\"color: #000080;\">West\u2019s comments have been criticized by other star musicians, including Australian rocker\u00a0<a style=\"color: #000080;\" href=\"https:\/\/www.algemeiner.com\/2022\/10\/28\/kanye-west-is-disgraceful-despite-being-greatest-artist-of-our-generation-says-nick-cave\/\" target=\"_blank\" rel=\"noopener noreferrer\">Nick Cave<\/a>, who labeled the rapper \u201cdisgraceful\u201d despite being \u201cthe greatest artist of our time.\u201d<\/span><\/p>\n<p style=\"text-align: left;\"><span style=\"color: #000080;\">As well as Grubman, Sunday\u2019s ceremony saw a slew of other artists inducted into the Hall of Fame, among them Dolly Parton, Lionel Richie and Duran Duran.<\/span><\/p>\n<\/div>\n<hr style=\"height: 15px; background: #d0e6fa; width: 100%;\" \/>\n<div id=\"content\" class=\"content-alignment\">\n<div id=\"watch-description\" class=\"yt-uix-button-panel\">\n<div id=\"watch-description-text\" style=\"text-align: center;\">\n<p><em>Zawarto\u015b\u0107 publikowanych artyku\u0142\u00f3w i materia\u0142\u00f3w nie reprezentuje pogl\u0105d\u00f3w ani opinii Reunion&#8217;68,<\/em><em><br \/>\nani te\u017c webmastera Blogu Reunion&#8217;68, chyba ze jest to wyra\u017anie zaznaczone.<br \/>\nTwoje uwagi, linki, w\u0142asne artyku\u0142y lub wiadomo\u015bci prze\u015blij na adres:<br \/>\n<\/em><span style=\"color: #000080;\"><strong><em><a style=\"color: #000080;\" href=\"mailto:webmaster@reunion68.com\"><span style=\"text-decoration: underline;\">webmaster@reunion68.com<\/span><\/a><\/em><\/strong><\/span><\/p>\n<\/div>\n<\/div>\n<\/div>\n<hr style=\"width: 100%;\" \/>\n","protected":false},"excerpt":{"rendered":"<p>\u2018My Life Has Been Enriched By Countless Jews,\u2019 Declares Rocker John Mellencamp in Fierce Denunciation of Antisemitism Algemeiner Staff US rock star John Mellencamp on stage in Florida. Photo: Reuters\/Greg Swiercz US rock star John Mellencamp issued a fierce denunciation of antisemitism from the stage at an event in Los Angeles honoring a prominent Jewish [&hellip;]<\/p>\n","protected":false},"author":1,"featured_media":0,"comment_status":"closed","ping_status":"closed","sticky":false,"template":"","format":"standard","meta":[],"categories":[6],"tags":[26,24],"_links":{"self":[{"href":"https:\/\/www.reunion68.se\/index.php?rest_route=\/wp\/v2\/posts\/99662"}],"collection":[{"href":"https:\/\/www.reunion68.se\/index.php?rest_route=\/wp\/v2\/posts"}],"about":[{"href":"https:\/\/www.reunion68.se\/index.php?rest_route=\/wp\/v2\/types\/post"}],"author":[{"embeddable":true,"href":"https:\/\/www.reunion68.se\/index.php?rest_route=\/wp\/v2\/users\/1"}],"replies":[{"embeddable":true,"href":"https:\/\/www.reunion68.se\/index.php?rest_route=%2Fwp%2Fv2%2Fcomments&post=99662"}],"version-history":[{"count":4,"href":"https:\/\/www.reunion68.se\/index.php?rest_route=\/wp\/v2\/posts\/99662\/revisions"}],"predecessor-version":[{"id":99669,"href":"https:\/\/www.reunion68.se\/index.php?rest_route=\/wp\/v2\/posts\/99662\/revisions\/99669"}],"wp:attachment":[{"href":"https:\/\/www.reunion68.se\/index.php?rest_route=%2Fwp%2Fv2%2Fmedia&parent=99662"}],"wp:term":[{"taxonomy":"category","embeddable":true,"href":"https:\/\/www.reunion68.se\/index.php?rest_route=%2Fwp%2Fv2%2Fcategories&post=99662"},{"taxonomy":"post_tag","embeddable":true,"href":"https:\/\/www.reunion68.se\/index.php?rest_route=%2Fwp%2Fv2%2Ftags&post=99662"}],"curies":[{"name":"wp","href":"https:\/\/api.w.org\/{rel}","templated":true}]}}