{"id":99672,"date":"2022-11-12T17:05:15","date_gmt":"2022-11-12T15:05:15","guid":{"rendered":"http:\/\/www.reunion68.se\/?p=99672"},"modified":"2022-11-12T16:48:28","modified_gmt":"2022-11-12T14:48:28","slug":"16-05-81","status":"publish","type":"post","link":"https:\/\/www.reunion68.se\/?p=99672","title":{"rendered":"\u2018Abhorrent\u2019: State Department Slams Ben-Gvir Appearance at Kahane Memorial Event"},"content":{"rendered":"<h5 style=\"text-align: center;\"><a href=\"https:\/\/www.algemeiner.com\/\" target=\"_blank\" rel=\"noopener noreferrer\"><img decoding=\"async\" class=\"center alignleft\" src=\"http:\/\/www.reunion68.com\/Biuletyn\/img\/algem.png\" alt=\"\" width=\"35%\" \/><\/a><span style=\"text-decoration: underline; color: #000080;\"><span><strong><a style=\"color: #000080; text-decoration: underline;\" href=\"https:\/\/www.algemeiner.com\/2022\/11\/11\/abhorrent-state-department-slams-ben-gvir-appearance-at-kahane-memorial-event\/\" target=\"_blank\" rel=\"noopener noreferrer\">\u2018Abhorrent\u2019: State Department Slams Ben-Gvir Appearance at Kahane Memorial Event<\/a><\/strong><\/span><\/span><\/h5>\n<p style=\"text-align: center;\"><span style=\"color: #000000;\"><strong>Andrew Bernard<\/strong><\/span><\/p>\n<hr style=\"height: 15px; background: #d0e6fa; width: 100%;\" \/>\n<p style=\"text-align: center;\"><img decoding=\"async\" class=\"aligncenter\" src=\"https:\/\/www.algemeiner.com\/wp-content\/uploads\/2021\/07\/Itamar_Ben_Gvir_1-1.jpg\" width=\"100%\" \/><span style=\"color: #808080;\"><em>Itamar Ben-Gvir. Photo: Wikimedia Commons.<\/em><\/span><\/p>\n<div style=\"text-align: left;\"><span style=\"color: #000080;\">In another sign of tension between the US Administration and the newly-elected Israeli government, the State Department condemned far-right Knesset member Itamar Ben-Gvir, who is slated for a cabinet post, for his appearance at a memorial ceremony for Meir Kahane, the far right parliamentarian assassinated in 1990.<\/span><\/div>\n<p style=\"text-align: left;\"><span style=\"color: #000080;\">\u201cCelebrating the legacy of a terrorist organization is abhorrent; there is no other word for it,\u201d State Department spokesman Ned Price said Thursday. \u201cWe remain concerned, as we said before, by the legacy of Kahane Chai and the continued use of rhetoric among violent, right-wing extremists. We\u2019ve condemned incitements, we\u2019ve condemned violence and racism in all of if its forms,\u201d Price said.<\/span><\/p>\n<p style=\"text-align: left;\"><span style=\"color: #000080;\">Kahane, who was assassinated in New York in 1990, founded the Jewish Defense League and the Israeli political party Kach and was convicted in the US of a conspiracy to manufacture explosives and in Israel of plotting to blow up the Libyan embassy in Belgium. Kach and its splinter organization Kahane Chai were banned in Israel after they expressed support for Baruch Goldstein, an American-born Israeli supporter of Kahane who murdered 29 Palestinians in a West Bank mosque in 1994. Kach and Kahane Chai were jointly designated as a Foreign Terrorist Organization by the State Department from 1997 until earlier this year. They remain on the US list of Specially Designated Global Terrorist organizations.<\/span><\/p>\n<p style=\"text-align: left;\"><span style=\"color: #000080;\">Writing on twitter before the event, Ben-Gvir\u00a0<a style=\"color: #000080;\" href=\"https:\/\/twitter.com\/itamarbengvir\/status\/1590680159950360579\" target=\"_blank\" rel=\"noopener noreferrer\">said<\/a>\u00a0that he was participating despite his differences of opinion with Kahane because he appreciated \u201cthe love of Israel that [Kahane] had and his fight for the Jews of the Soviet Union and against antisemitism.\u201d\u00a0<\/span><\/p>\n<p style=\"text-align: left;\"><span style=\"color: #000080;\">Ben-Gvir\u2019s attempt to create ideological distance between himself and Kahane at the event on the question of expelling Arabs was met with boos from the crowd. Ben-Gvir said that unlike Kahane he does not believe that all Arabs need to be deported from Israel. He has previously said that only \u201cdisloyal\u201d Arabs, including Arab members of the Knesset, need be deported<\/span><\/p>\n<p style=\"text-align: left;\"><span style=\"color: #000080;\">Yehuda Kurtzer, President of the Shalom Hartman Institute of North America, an NGO which seeks to promote democratic values and equal rights in Israel, told\u00a0<em>The Algemeiner<\/em>\u00a0that the reaction from the crowd points to the potential instability Ben-Gvir\u2019s newly-found electoral popularity.<\/span><\/p>\n<p style=\"text-align: left;\"><span style=\"color: #000080;\">\u201cExtremism is much more fickle than it appears,\u201d Kurtzer said. \u201cMy sense is that especially the young vote that was attracted to [Ben-Gvir\u2019s party], that kind of anger, protest vote, at least publicly tended to talk a lot about crime in Israel, and the ways in which the police system was simply not responding to a sense of fear on the streets. [\u2026] It\u2019s a very populist move to focus on crime and law and order. It may also just reflect particular trends of this election. You have no idea whether [Ben-Gvir] and Smotrich are able to stay together, able to stay in government. Next election they may be back down to the five or six seats where they were.\u201d<\/span><\/p>\n<p style=\"text-align: left;\"><span style=\"color: #000080;\">The inclusion of Ben-Gvir and MK Bezalel Smotrich, both members of the Religious Zionism party, in a future Benjamin Netanyahu-led government has been a point of concern for the US. Ben-Gvir has said he will seek the Ministry of Public Safety responsible for the police, while Smotrich is seeking to be Minister of Defense.<\/span><\/p>\n<p style=\"text-align: left;\"><span style=\"color: #000080;\">Speaking to The Algemeiner last week, former US Ambassador to Israel Daniel Shapiro\u00a0<a style=\"color: #000080;\" href=\"https:\/\/www.algemeiner.com\/2022\/11\/03\/ex-us-ambassador-to-israel-biden-administration-unlikely-to-work-with-ben-gvir-and-smotrich\/\" target=\"_blank\" rel=\"noopener noreferrer\">said<\/a>\u00a0that he thinks it\u2019s unlikely that the Biden Administration will directly engage with either of them. \u201cI highly doubt that the administration will work with Ben-Gvir, certainly, and likely Smotrich as well. They are advocates of racist and bigoted policies, they engage in anti-Arab incitement,\u201d Shapiro said.<\/span><\/p>\n<hr style=\"height: 15px; background: #d0e6fa; width: 100%;\" \/>\n<div id=\"content\" class=\"content-alignment\">\n<div id=\"watch-description\" class=\"yt-uix-button-panel\">\n<div id=\"watch-description-text\" style=\"text-align: center;\">\n<p><em>Zawarto\u015b\u0107 publikowanych artyku\u0142\u00f3w i materia\u0142\u00f3w nie reprezentuje pogl\u0105d\u00f3w ani opinii Reunion&#8217;68,<\/em><em><br \/>\nani te\u017c webmastera Blogu Reunion&#8217;68, chyba ze jest to wyra\u017anie zaznaczone.<br \/>\nTwoje uwagi, linki, w\u0142asne artyku\u0142y lub wiadomo\u015bci prze\u015blij na adres:<br \/>\n<\/em><span style=\"color: #000080;\"><strong><em><a style=\"color: #000080;\" href=\"mailto:webmaster@reunion68.com\"><span style=\"text-decoration: underline;\">webmaster@reunion68.com<\/span><\/a><\/em><\/strong><\/span><\/p>\n<\/div>\n<\/div>\n<\/div>\n<hr style=\"width: 100%;\" \/>\n","protected":false},"excerpt":{"rendered":"<p>\u2018Abhorrent\u2019: State Department Slams Ben-Gvir Appearance at Kahane Memorial Event Andrew Bernard Itamar Ben-Gvir. Photo: Wikimedia Commons. In another sign of tension between the US Administration and the newly-elected Israeli government, the State Department condemned far-right Knesset member Itamar Ben-Gvir, who is slated for a cabinet post, for his appearance at a memorial ceremony for [&hellip;]<\/p>\n","protected":false},"author":1,"featured_media":0,"comment_status":"closed","ping_status":"closed","sticky":false,"template":"","format":"standard","meta":[],"categories":[3],"tags":[26,24],"_links":{"self":[{"href":"https:\/\/www.reunion68.se\/index.php?rest_route=\/wp\/v2\/posts\/99672"}],"collection":[{"href":"https:\/\/www.reunion68.se\/index.php?rest_route=\/wp\/v2\/posts"}],"about":[{"href":"https:\/\/www.reunion68.se\/index.php?rest_route=\/wp\/v2\/types\/post"}],"author":[{"embeddable":true,"href":"https:\/\/www.reunion68.se\/index.php?rest_route=\/wp\/v2\/users\/1"}],"replies":[{"embeddable":true,"href":"https:\/\/www.reunion68.se\/index.php?rest_route=%2Fwp%2Fv2%2Fcomments&post=99672"}],"version-history":[{"count":6,"href":"https:\/\/www.reunion68.se\/index.php?rest_route=\/wp\/v2\/posts\/99672\/revisions"}],"predecessor-version":[{"id":99704,"href":"https:\/\/www.reunion68.se\/index.php?rest_route=\/wp\/v2\/posts\/99672\/revisions\/99704"}],"wp:attachment":[{"href":"https:\/\/www.reunion68.se\/index.php?rest_route=%2Fwp%2Fv2%2Fmedia&parent=99672"}],"wp:term":[{"taxonomy":"category","embeddable":true,"href":"https:\/\/www.reunion68.se\/index.php?rest_route=%2Fwp%2Fv2%2Fcategories&post=99672"},{"taxonomy":"post_tag","embeddable":true,"href":"https:\/\/www.reunion68.se\/index.php?rest_route=%2Fwp%2Fv2%2Ftags&post=99672"}],"curies":[{"name":"wp","href":"https:\/\/api.w.org\/{rel}","templated":true}]}}