{"id":99774,"date":"2022-12-03T17:09:58","date_gmt":"2022-12-03T15:09:58","guid":{"rendered":"http:\/\/www.reunion68.se\/?p=99774"},"modified":"2022-11-29T20:17:49","modified_gmt":"2022-11-29T18:17:49","slug":"19-09-82","status":"publish","type":"post","link":"https:\/\/www.reunion68.se\/?p=99774","title":{"rendered":"Kwatera Hitlera: Wilczy Szaniec"},"content":{"rendered":"<p style=\"text-align: center;\"><img decoding=\"async\" class=\"aligncenter\" src=\"https:\/\/s.ciekawostkihistoryczne.pl\/uploads\/2022\/11\/POL_Gierloz_005.jpg\" width=\"100%\"><span style=\"color: #808080;\"><em>Makieta Wilczego Sza\u0144ca<\/em><\/span><\/p>\n<hr>\n<h5 style=\"text-align: center;\"><a href=\"https:\/\/ciekawostkihistoryczne.pl\/\" target=\"_blank\" rel=\"noopener noreferrer\"><img decoding=\"async\" class=\"center alignleft\" src=\"http:\/\/www.reunion68.com\/Biuletyn\/img\/historyczne.png\" alt=\"\" width=\"25%\"><\/a><span style=\"text-decoration: underline; color: #000080;\"><span style=\"text-decoration: underline;\"><strong><a style=\"color: #000080; text-decoration: underline;\" href=\"https:\/\/ciekawostkihistoryczne.pl\/2022\/11\/14\/kwatera-hitlera-wilczy-szaniec\/\" target=\"_blank\" rel=\"noopener noreferrer\">Kwatera Hitlera: Wilczy Szaniec<\/a><\/strong><\/span><\/span><\/h5>\n<p style=\"text-align: center;\"><span style=\"color: #000000;\"><strong>Piotr Janczarek<\/strong><\/span><\/p>\n<hr style=\"height: 15px; background: #d0e6fa; width: 100%;\">\n<h4 style=\"text-align: center;\"><strong>Kwatera g\u0142\u00f3wna Hitlera w Wilczym Sza\u0144cu by\u0142a tajn\u0105 stolic\u0105 III Rzeszy. Wycofuj\u0105cy si\u0119 Niemcy wysadzili j\u0105 w powietrze, ale to, co z niej zosta\u0142o, budzi groz\u0119.<\/strong><\/h4>\n<p>.<\/p>\n<div id=\"part-1\" class=\"parts\">\n<p style=\"text-align: left;\"><span style=\"color: #000080;\"><a style=\"color: #000080;\" href=\"https:\/\/ciekawostkihistoryczne.pl\/leksykon\/adolf-hitler-1889-1945\/\">Hitler<\/a>&nbsp;i cz\u0142onkowie jego otoczenia potrzebowali dobrze zorganizowanej i bezpiecznej kwatery. Decyzj\u0119 o jej budowie podj\u0119to w 1940 roku.&nbsp;<strong>W\u00f3wczas ju\u017c my\u015blano o ataku na Zwi\u0105zek Radziecki, wi\u0119c poszukiwano miejsca, kt\u00f3re nie by\u0142oby odleg\u0142e od sowieckiej granicy<\/strong>. Jesieni\u0105 1940 roku w okolice Gier\u0142o\u017cy, niedaleko K\u0119trzyna przybyli wysocy oficerowie Naczelnego Dow\u00f3dztwa Wehrmachtu wraz z in\u017cynierem Fritzem Todtem.<\/span><\/p>\n<p style=\"text-align: left;\"><span style=\"color: #000080;\">Nie tylko odleg\u0142o\u015b\u0107 od granicy z ZSRR by\u0142a istotna. Okolice Gier\u0142o\u017cy idealnie nadawa\u0142y si\u0119 na budow\u0119 g\u0142\u00f3wnej kwatery dow\u00f3dztwa tak\u017ce z wielu innych powod\u00f3w. Wystarczy spojrze\u0107 na map\u0119.<\/span><\/p>\n<h4 style=\"text-align: left;\"><strong><em>Inwestycja pod przykrywk\u0105<\/em><\/strong><\/h4>\n<p style=\"text-align: left;\"><span style=\"color: #000080;\">Wielki, stary las mieszany stanowi\u0142 idealn\u0105 os\u0142on\u0119 dla obiekt\u00f3w sza\u0144ca. Wielkie Jeziora Mazurskie stanowi\u0142y naturaln\u0105 przeszkod\u0119 dla nieprzyjacielskiej piechoty i wojsk pancernych. Ponadto by\u0142y to Prusy Wschodnie, mocno ufortyfikowane, z licznymi twierdzami obronnymi. Od 1936 roku budowano tam \u017celbetonowe bunkry bojowe, zapory i rowy przeciwczo\u0142gowe, tworz\u0105ce tzw.&nbsp;<strong>Gi\u017cycki Rejon Umocniony<\/strong>. Linia kolejowa oraz drogi dodatkowo jeszcze podnosi\u0142y walory tego miejsca. Dzi\u0119ki linii kolejowej Hitler m\u00f3g\u0142 sprawnie porusza\u0107 si\u0119 swoim osobistym poci\u0105giem.<\/span><\/p>\n<p style=\"text-align: left;\"><span style=\"color: #000080;\">Niemniej jednak Gier\u0142o\u017ca le\u017cy w pobli\u017cu K\u0119trzyna. Okolice te by\u0142y miejscem rekreacji dla mieszka\u0144c\u00f3w miasta. Przyje\u017cd\u017cano tu na spacery, \u017ceglowano po okolicznych jeziorach. Dzia\u0142a\u0142 tam nawet dom wypoczynkowy. Inwestycja, zw\u0142aszcza na tak wielk\u0105 skal\u0119, nie mog\u0142a zosta\u0107 niezauwa\u017cona.&nbsp;<strong>Postanowiono wi\u0119c stworzy\u0107 legend\u0119. Opowiadano o budowie zak\u0142ad\u00f3w chemicznych, kt\u00f3re mia\u0142y pracowa\u0107 na rzecz wojska.<\/strong>&nbsp;\u0141atwo by\u0142o w zwi\u0105zku z tym wprowadzi\u0107 zakaz wst\u0119pu na tereny \u201efabryczne\u201d.<\/span><\/p>\n<h4 style=\"text-align: left;\"><strong>Ukryta stolica<\/strong><\/h4>\n<p style=\"text-align: left;\"><span style=\"color: #000080;\">Bezpiecze\u0144stwo wodza by\u0142o priorytetem. Opr\u00f3cz naturalnych przeszk\u00f3d dzia\u0142a\u0142 rozwini\u0119ty system bezpiecze\u0144stwa.&nbsp;<strong>Jako\u015b\u0107 maskowania sprawdzano, robi\u0105c zdj\u0119cia lotnicze.<\/strong>&nbsp;System nas\u0142uchu by\u0142 zdolny wykry\u0107 samoloty w promieniu do 100 km. Za ochron\u0119 zewn\u0119trzn\u0105 odpowiada\u0142a specjalna, dobrze wyposa\u017cona jednostka wojskowa w sile pu\u0142ku. Nieca\u0142e 80 km dalej, ko\u0142o Go\u0142dapi stacjonowa\u0142y wojska powietrzno-desantowe. W\u00f3dz mia\u0142 te\u017c osobist\u0105 ochron\u0119: specjalny batalion, a tak\u017ce jednostki s\u0142u\u017cby bezpiecze\u0144stwa, policji i SS.<\/span><\/p>\n<p style=\"text-align: left;\"><span style=\"color: #000080;\">Druga po Berlinie stolica III Rzeszy by\u0142a jak<strong>&nbsp;tajne, ukryte miasto z osiedlami i \u0142\u0105cz\u0105cymi je drogami oraz niezb\u0119dn\u0105 infrastruktur\u0105.<\/strong>&nbsp;Jego budow\u0119 rozpocz\u0119to jesieni\u0105 1940 roku i prowadzono nieprzerwanie do ko\u0144ca 1944 roku. Praktycznie inwestycja nie zosta\u0142a nigdy zako\u0144czona. Ca\u0142y czas wznoszono nowe obiekty.<\/span><\/p>\n<p style=\"text-align: left;\"><span style=\"color: #000080;\"><strong>W Wilczym Sza\u0144cu mieszka\u0142o ponad 2 tysi\u0105ce os\u00f3b. Opr\u00f3cz dr\u00f3g o\u015bwietlonych ulicznymi latarniami by\u0142a tu sie\u0107 wodoci\u0105gowa, a tak\u017ce kanalizacja i oczyszczalnia \u015bciek\u00f3w.<\/strong>&nbsp;Wszystko to zamaskowano i otoczono polami minowymi. Maskowaniem obiekt\u00f3w zaj\u0119\u0142a si\u0119\u2026 firma ogrodnicza. Budynki o podw\u00f3jnych \u015bcianach mia\u0142y w p\u0142askich dachach 10\u201330-centymetrowe wg\u0142\u0119bienia, kt\u00f3re zasypywano ziemi\u0105. Na niej sadzono ro\u015blinno\u015b\u0107. Dodatkowo os\u0142aniano budynki siatkami maskuj\u0105cymi.<\/span><\/p>\n<h4 style=\"text-align: left;\"><strong>Komfort \u017cycia w kwaterze Hitlera<\/strong><\/h4>\n<p style=\"text-align: left;\"><span style=\"color: #000080;\">W sumie zbudowano oko\u0142o 200 obiekt\u00f3w, kt\u00f3re zaj\u0119\u0142y powierzchni\u0119 250 ha. Obok betonowych schron\u00f3w wzniesiono te\u017c l\u017cejsze obiekty z ceg\u0142y, a tak\u017ce drewniane baraki. Opr\u00f3cz linii kolejowej i w\u0142asnego dworca komunikacj\u0119 ze \u015bwiatem zapewnia\u0142y dwa pobliskie lotniska.<\/span><\/p>\n<div id=\"attachment_155738\" class=\"wp-caption alignnone\"><img decoding=\"async\" loading=\"lazy\" class=\"size-large wp-image-155738 lazy loaded\" src=\"https:\/\/s.ciekawostkihistoryczne.pl\/uploads\/2022\/11\/Wolfsschanze_Gierloz_Poland_2-400x600.jpg\" sizes=\"(max-width: 400px) 100vw, 400px\" srcset=\"https:\/\/s.ciekawostkihistoryczne.pl\/uploads\/2022\/11\/Wolfsschanze_Gierloz_Poland_2-400x600.jpg 400w, https:\/\/s.ciekawostkihistoryczne.pl\/uploads\/2022\/11\/Wolfsschanze_Gierloz_Poland_2-227x340.jpg 227w, https:\/\/s.ciekawostkihistoryczne.pl\/uploads\/2022\/11\/Wolfsschanze_Gierloz_Poland_2-160x240.jpg 160w, https:\/\/s.ciekawostkihistoryczne.pl\/uploads\/2022\/11\/Wolfsschanze_Gierloz_Poland_2.jpg 427w\" alt=\"Najwi\u0119kszy obiekt kwatery Hitlera\" width=\"400\" height=\"600\" data-src=\"https:\/\/s.ciekawostkihistoryczne.pl\/uploads\/2022\/11\/Wolfsschanze_Gierloz_Poland_2-400x600.jpg\" data-srcset=\"https:\/\/s.ciekawostkihistoryczne.pl\/uploads\/2022\/11\/Wolfsschanze_Gierloz_Poland_2-400x600.jpg 400w, https:\/\/s.ciekawostkihistoryczne.pl\/uploads\/2022\/11\/Wolfsschanze_Gierloz_Poland_2-227x340.jpg 227w, https:\/\/s.ciekawostkihistoryczne.pl\/uploads\/2022\/11\/Wolfsschanze_Gierloz_Poland_2-160x240.jpg 160w, https:\/\/s.ciekawostkihistoryczne.pl\/uploads\/2022\/11\/Wolfsschanze_Gierloz_Poland_2.jpg 427w\" data-sizes=\"(max-width: 400px) 100vw, 400px\" data-was-processed=\"true\"><br \/>\n<span style=\"color: #808080;\"><em><span class=\"wp-caption-text-credit\"><span class=\"credit image-credit image-credit-155738\">fot.Przemyslaw &#8216;Blueshade\u2019 Idzkiewicz.\/CC BY-SA 3.0<\/span><\/span><\/em><\/span><\/p>\n<p class=\"wp-caption-text\" style=\"text-align: left;\"><span style=\"color: #000080;\">Najwi\u0119kszy obiekt kwatery Hitlera<\/span><\/p>\n<\/div>\n<p style=\"text-align: left;\"><span style=\"color: #000080;\">Niewiele by\u0142o tu rozrywek.&nbsp;<strong>Dzia\u0142a\u0142y herbaciarnie, kasyna, kino<\/strong>. Najpopularniejsz\u0105 form\u0105 relaksu by\u0142o picie alkoholu. Sam Hitler by\u0142 abstynentem i \u017cy\u0142 do\u015b\u0107 ascetycznie, wi\u0119c nie obnoszono si\u0119 specjalnie z rozrywkami i komfortem \u017cycia, a ten by\u0142 urozmaicony.<\/span><\/p>\n<p style=\"text-align: left;\"><span style=\"color: #000080;\">Na wi\u0119kszy mogli liczy\u0107 najwa\u017cniejsi dow\u00f3dcy:&nbsp;<a style=\"color: #000080;\" href=\"https:\/\/ciekawostkihistoryczne.pl\/leksykon\/hermann-goring-1893-1946\/\">Hermann G\u00f6ring<\/a>,&nbsp;<a style=\"color: #000080;\" href=\"https:\/\/ciekawostkihistoryczne.pl\/leksykon\/heinrich-himmler-1900-1945\/\">Heinrich Himmler<\/a>, Martin Bormann, Wilhelm Keitel czy<a style=\"color: #000080;\" href=\"https:\/\/ciekawostkihistoryczne.pl\/leksykon\/joseph-goebbels-1897-1945\/\">&nbsp;Joseph Goebbels<\/a>, dla kt\u00f3rych pobudowano domy. Nie szokowa\u0142y one jednak luksusem, cho\u0107 by\u0142y wygodniejsze ni\u017c inne mieszkania.&nbsp;<strong>Og\u00f3lnie standard budynk\u00f3w mieszkalnych i ich wyposa\u017cenie by\u0142y raczej skromne<\/strong>. R\u00f3wnie ascetyczna by\u0142a sama kwatera g\u0142\u00f3wna. Mo\u017ce dlatego, \u017ce wci\u0105\u017c trwa\u0142a jej rozbudowa.<\/span><\/p>\n<h4 style=\"text-align: left;\"><strong>Bez jednego wystrza\u0142u<\/strong><\/h4>\n<p style=\"text-align: left;\"><span style=\"color: #000080;\">Do le\u015bnej stolicy Hitler przeni\u00f3s\u0142 z Berlina mi\u0119dzy innymi Ministerstwo Spraw Zagranicznych. Powsta\u0142o tu tak\u017ce bardzo dobrze dzia\u0142aj\u0105ce centrum \u0142\u0105czno\u015bci. Sam&nbsp;<strong>F\u00fchrer przyby\u0142 do Wilczego Sza\u0144ca 24 czerwca 1941 roku<\/strong>. Sp\u0119dzi\u0142 tu ponad 800 dni. St\u0105d koordynowany by\u0142 mi\u0119dzy innymi atak na ZSRR. W mazurskiej kwaterze zapada\u0142y te\u017c kluczowe decyzje militarne.<\/span><\/p>\n<div id=\"attachment_155736\" class=\"wp-caption aligncenter\"><img decoding=\"async\" loading=\"lazy\" class=\"size-large wp-image-155736 lazy loaded\" src=\"https:\/\/s.ciekawostkihistoryczne.pl\/uploads\/2022\/11\/Bundesarchiv_Bild_146-1970-097-76_Hitler-Attentat_vom_20._Juli_1944-600x403.jpg\" sizes=\"(max-width: 600px) 100vw, 600px\" srcset=\"https:\/\/s.ciekawostkihistoryczne.pl\/uploads\/2022\/11\/Bundesarchiv_Bild_146-1970-097-76_Hitler-Attentat_vom_20._Juli_1944-600x403.jpg 600w, https:\/\/s.ciekawostkihistoryczne.pl\/uploads\/2022\/11\/Bundesarchiv_Bild_146-1970-097-76_Hitler-Attentat_vom_20._Juli_1944-340x228.jpg 340w, https:\/\/s.ciekawostkihistoryczne.pl\/uploads\/2022\/11\/Bundesarchiv_Bild_146-1970-097-76_Hitler-Attentat_vom_20._Juli_1944-768x516.jpg 768w, https:\/\/s.ciekawostkihistoryczne.pl\/uploads\/2022\/11\/Bundesarchiv_Bild_146-1970-097-76_Hitler-Attentat_vom_20._Juli_1944-520x350.jpg 520w, https:\/\/s.ciekawostkihistoryczne.pl\/uploads\/2022\/11\/Bundesarchiv_Bild_146-1970-097-76_Hitler-Attentat_vom_20._Juli_1944-170x114.jpg 170w, https:\/\/s.ciekawostkihistoryczne.pl\/uploads\/2022\/11\/Bundesarchiv_Bild_146-1970-097-76_Hitler-Attentat_vom_20._Juli_1944.jpg 800w\" alt=\"20 lipca 1944 roku Hitler prze\u017cy\u0142 zamach na swoje \u017cycie dokonany przez pu\u0142kownika Clausa von Stauffenberga.\" width=\"600\" height=\"403\" data-src=\"https:\/\/s.ciekawostkihistoryczne.pl\/uploads\/2022\/11\/Bundesarchiv_Bild_146-1970-097-76_Hitler-Attentat_vom_20._Juli_1944-600x403.jpg\" data-srcset=\"https:\/\/s.ciekawostkihistoryczne.pl\/uploads\/2022\/11\/Bundesarchiv_Bild_146-1970-097-76_Hitler-Attentat_vom_20._Juli_1944-600x403.jpg 600w, https:\/\/s.ciekawostkihistoryczne.pl\/uploads\/2022\/11\/Bundesarchiv_Bild_146-1970-097-76_Hitler-Attentat_vom_20._Juli_1944-340x228.jpg 340w, https:\/\/s.ciekawostkihistoryczne.pl\/uploads\/2022\/11\/Bundesarchiv_Bild_146-1970-097-76_Hitler-Attentat_vom_20._Juli_1944-768x516.jpg 768w, https:\/\/s.ciekawostkihistoryczne.pl\/uploads\/2022\/11\/Bundesarchiv_Bild_146-1970-097-76_Hitler-Attentat_vom_20._Juli_1944-520x350.jpg 520w, https:\/\/s.ciekawostkihistoryczne.pl\/uploads\/2022\/11\/Bundesarchiv_Bild_146-1970-097-76_Hitler-Attentat_vom_20._Juli_1944-170x114.jpg 170w, https:\/\/s.ciekawostkihistoryczne.pl\/uploads\/2022\/11\/Bundesarchiv_Bild_146-1970-097-76_Hitler-Attentat_vom_20._Juli_1944.jpg 800w\" data-sizes=\"(max-width: 600px) 100vw, 600px\" data-was-processed=\"true\"><span style=\"color: #808080;\"><em><span class=\"wp-caption-text-credit\"><span class=\"credit image-credit image-credit-155736\">fot.Bundesarchiv, Bild 146-1970-097-76 \/ CC-BY-SA<\/span><\/span><\/em><\/span><\/p>\n<p class=\"wp-caption-text\" style=\"text-align: left;\">2<span style=\"color: #000080;\">0 lipca 1944 roku Hitler prze\u017cy\u0142 zamach na swoje \u017cycie dokonany przez pu\u0142kownika Clausa von Stauffenberga.<\/span><\/p>\n<\/div>\n<p style=\"text-align: left;\"><span style=\"color: #000080;\">20 lipca 1944 roku Hitler prze\u017cy\u0142&nbsp;<strong>zamach na swoje \u017cycie dokonany przez pu\u0142kownika&nbsp;<a style=\"color: #000080;\" href=\"https:\/\/ciekawostkihistoryczne.pl\/leksykon\/claus-von-stauffenberg-1907-1944\/\">Clausa von Stauffenberga<\/a><\/strong>. Wilczy Szaniec opu\u015bci\u0142 definitywnie 20 listopada 1944 roku, gdy kwaterze zacz\u0119\u0142y zagra\u017ca\u0107 wojska sowieckie. W styczniu 1945 roku to zagro\u017cenie sta\u0142o si\u0119 realne. Na rozkaz naczelnego dow\u00f3dztwa 24 stycznia rozpocz\u0119to wysadzanie obiekt\u00f3w. Dzie\u0142o zniszczenia kontynuowano jeszcze dzie\u0144 p\u00f3\u017aniej, poniewa\u017c ju\u017c 27 stycznia wkroczyli tam Rosjanie, przejmuj\u0105c Wilczy Szaniec bez jednego wystrza\u0142u.<\/span><\/p>\n<hr>\n<p style=\"text-align: left;\"><strong><span style=\"color: #808080;\"><em>\u0179r\u00f3d\u0142a:<\/em><\/span><\/strong><\/p>\n<ul>\n<li style=\"text-align: left;\"><span style=\"color: #808080;\"><em><a style=\"color: #808080;\" href=\"https:\/\/wolfsschanze.pl\/\">wolfsschanze.pl<\/a>&nbsp;(dost\u0119p 7.11.2022)<\/em><\/span><\/li>\n<li style=\"text-align: left;\"><span style=\"color: #808080;\"><em><a style=\"color: #808080;\" href=\"https:\/\/www.wilczyszaniec.info\/\">www.wilczyszaniec.info<\/a>&nbsp;(dost\u0119p 7.11.2022)<\/em><\/span><\/li>\n<\/ul>\n<\/div>\n<hr style=\"height: 15px; background: #d0e6fa; width: 100%;\">\n<div id=\"content\" class=\"content-alignment\">\n<div id=\"watch-description\" class=\"yt-uix-button-panel\">\n<div id=\"watch-description-text\" style=\"text-align: center;\">\n<p><em>Zawarto\u015b\u0107 publikowanych artyku\u0142\u00f3w i materia\u0142\u00f3w nie reprezentuje pogl\u0105d\u00f3w ani opinii Reunion&#8217;68,<\/em><em><br \/>\nani te\u017c webmastera Blogu Reunion&#8217;68, chyba ze jest to wyra\u017anie zaznaczone.<br \/>\nTwoje uwagi, linki, w\u0142asne artyku\u0142y lub wiadomo\u015bci prze\u015blij na adres:<br \/>\n<\/em><span style=\"color: #000080;\"><strong><em><a style=\"color: #000080;\" href=\"mailto:webmaster@reunion68.com\"><span style=\"text-decoration: underline;\">webmaster@reunion68.com<\/span><\/a><\/em><\/strong><\/span><\/p>\n<\/div>\n<\/div>\n<\/div>\n<hr style=\"width: 100%;\">\n","protected":false},"excerpt":{"rendered":"<p>Makieta Wilczego Sza\u0144ca Kwatera Hitlera: Wilczy Szaniec Piotr Janczarek Kwatera g\u0142\u00f3wna Hitlera w Wilczym Sza\u0144cu by\u0142a tajn\u0105 stolic\u0105 III Rzeszy. Wycofuj\u0105cy si\u0119 Niemcy wysadzili j\u0105 w powietrze, ale to, co z niej zosta\u0142o, budzi groz\u0119. . Hitler&nbsp;i cz\u0142onkowie jego otoczenia potrzebowali dobrze zorganizowanej i bezpiecznej kwatery. Decyzj\u0119 o jej budowie podj\u0119to w 1940 roku.&nbsp;W\u00f3wczas ju\u017c [&hellip;]<\/p>\n","protected":false},"author":1,"featured_media":0,"comment_status":"closed","ping_status":"closed","sticky":false,"template":"","format":"standard","meta":[],"categories":[6],"tags":[26,24],"_links":{"self":[{"href":"https:\/\/www.reunion68.se\/index.php?rest_route=\/wp\/v2\/posts\/99774"}],"collection":[{"href":"https:\/\/www.reunion68.se\/index.php?rest_route=\/wp\/v2\/posts"}],"about":[{"href":"https:\/\/www.reunion68.se\/index.php?rest_route=\/wp\/v2\/types\/post"}],"author":[{"embeddable":true,"href":"https:\/\/www.reunion68.se\/index.php?rest_route=\/wp\/v2\/users\/1"}],"replies":[{"embeddable":true,"href":"https:\/\/www.reunion68.se\/index.php?rest_route=%2Fwp%2Fv2%2Fcomments&post=99774"}],"version-history":[{"count":8,"href":"https:\/\/www.reunion68.se\/index.php?rest_route=\/wp\/v2\/posts\/99774\/revisions"}],"predecessor-version":[{"id":99788,"href":"https:\/\/www.reunion68.se\/index.php?rest_route=\/wp\/v2\/posts\/99774\/revisions\/99788"}],"wp:attachment":[{"href":"https:\/\/www.reunion68.se\/index.php?rest_route=%2Fwp%2Fv2%2Fmedia&parent=99774"}],"wp:term":[{"taxonomy":"category","embeddable":true,"href":"https:\/\/www.reunion68.se\/index.php?rest_route=%2Fwp%2Fv2%2Fcategories&post=99774"},{"taxonomy":"post_tag","embeddable":true,"href":"https:\/\/www.reunion68.se\/index.php?rest_route=%2Fwp%2Fv2%2Ftags&post=99774"}],"curies":[{"name":"wp","href":"https:\/\/api.w.org\/{rel}","templated":true}]}}