{"id":99842,"date":"2022-11-25T17:09:43","date_gmt":"2022-11-25T15:09:43","guid":{"rendered":"http:\/\/www.reunion68.se\/?p=99842"},"modified":"2022-11-21T12:04:02","modified_gmt":"2022-11-21T10:04:02","slug":"22-09-74","status":"publish","type":"post","link":"https:\/\/www.reunion68.se\/?p=99842","title":{"rendered":"Wilhelm Koppe \u2013 \u201eMa\u0142y Himmler\u201d"},"content":{"rendered":"<p><img decoding=\"async\" class=\"aligncenter\" src=\"https:\/\/s.ciekawostkihistoryczne.pl\/uploads\/2022\/11\/Bundesarchiv_Bild_146-1969-052-27_Kinder_begrusen_Heinrich_Himmler_u._a..jpg\" width=\"100%\">W\u015br\u00f3d wsp\u00f3\u0142pracownik\u00f3w Koppe dorobi\u0142 si\u0119 przydomka \u201eMa\u0142y Himmler\u201d. Podw\u0142adni m\u00f3wili za\u015b o nim \u201eDziki Koppe\u201d<\/p>\n<hr>\n<h5 style=\"text-align: center;\"><a href=\"https:\/\/ciekawostkihistoryczne.pl\/2\" target=\"_blank\" rel=\"noopener noreferrer\"><img decoding=\"async\" class=\"center alignleft\" src=\"http:\/\/www.reunion68.com\/Biuletyn\/img\/historyczne.png\" alt=\"\" width=\"25%\"><\/a><span style=\"text-decoration: underline; color: #000080;\"><strong><a style=\"color: #000080; text-decoration: underline;\" href=\"https:\/\/ciekawostkihistoryczne.pl\/2022\/11\/18\/wilhelm-koppe-maly-himmler\/\" target=\"_blank\" rel=\"noopener noreferrer\">Wilhelm Koppe \u2013 \u201eMa\u0142y Himmler\u201d<\/a><\/strong><\/span><\/h5>\n<p style=\"text-align: center;\"><span style=\"color: #000000;\"><strong>Maria Procner<\/strong><\/span><\/p>\n<hr style=\"height: 15px; background: #d0e6fa; width: 100%;\">\n<h4 style=\"text-align: center;\"><strong><span style=\"color: #808080;\">\u201eNa ulicach Krakowa nale\u017cy rozstrzeliwa\u0107 codziennie 50 Polak\u00f3w\u201d \u2013 nawo\u0142ywa\u0142 Wilhelm Koppe, szef SS i policji w okupowanej Polsce. Nigdy nie zosta\u0142 ukarany.<\/span><\/strong><\/h4>\n<p>.<\/p>\n<p style=\"text-align: left;\"><span style=\"color: #000080;\">W reporta\u017cu&nbsp;<em>Jak \u201eMa\u0142y Himmler\u201d po wojnie zosta\u0142 dyrektorem fabryki czekolady<\/em>, opublikowanym w ksi\u0105\u017cce<a style=\"color: #000080;\" href=\"https:\/\/wydawnictwom.pl\/publicystyka\/8008-zbrodnia-bez-kary-dziennikarskie-sledztwo-ujawnia-powojenne-kariery-zbrodniarzy-hitlerowskich-9788380437883.html\" target=\"_blank\" rel=\"noopener noreferrer\"><em>Zbrodnia bez kary<\/em><\/a>Katarzyna Domaga\u0142a-Pereira i Anieszka Wa\u015b-Turecka pisz\u0105: \u201eW okupowanej Polsce Wilhelm Koppe ma funkcj\u0119 wa\u017cniejsz\u0105 od poselskiej: stoi na czele niemieckiego aparatu policyjnego. Szerzy krwawy terror. Jest wsp\u00f3\u0142odpowiedzialny za niemal ka\u017cd\u0105 zbrodni\u0119 na terenach, kt\u00f3re ma pod swoim zarz\u0105dem (\u2026). To on wydaje rozkazy, przygotowuje plany, uczestniczy w naradach. Najpierw w Kraju Warty, potem w Generalnym Gubernatorstwie\u201d. Jak to si\u0119 sta\u0142o, \u017ce ten drobny przedsi\u0119biorca zmieni\u0142 si\u0119 w brutalnego zbrodniarza? I dlaczego nigdy nie poni\u00f3s\u0142 odpowiedzialno\u015bci za swoje czyny?<\/span><\/p>\n<h4 style=\"text-align: left;\"><strong>Z mi\u0142o\u015bci do nazizmu<\/strong><\/h4>\n<p style=\"text-align: center;\"><span style=\"color: #000080;\">Nic nie zapowiada\u0142o, \u017ce urodzony 15 czerwca 1896 roku w Hildesheim Wilhelm Koppe, syn komornika s\u0105dowego i weteran I wojny \u015bwiatowej, zostanie masowym morderc\u0105. Po 1918 roku utrzymywa\u0142 si\u0119 z kupiectwa. Mia\u0142 ma\u0142\u0105 hurtowni\u0119 \u015brodk\u00f3w spo\u017cywczych i wyrob\u00f3w tytoniowych w Hamburgu. I zapewne do\u017cy\u0142by swoich lat jako spokojny, przeci\u0119tny obywatel, gdyby na jego drodze nie stan\u0119li nazi\u015bci.&nbsp;<\/span><br \/>\n<img decoding=\"async\" loading=\"lazy\" class=\"size-large wp-image-155831 lazy loaded aligncenter\" src=\"https:\/\/s.ciekawostkihistoryczne.pl\/uploads\/2022\/11\/LeibstSpanDelBerlin1940-600x392.jpg\" sizes=\"(max-width: 600px) 100vw, 600px\" srcset=\"https:\/\/s.ciekawostkihistoryczne.pl\/uploads\/2022\/11\/LeibstSpanDelBerlin1940-600x392.jpg 600w, https:\/\/s.ciekawostkihistoryczne.pl\/uploads\/2022\/11\/LeibstSpanDelBerlin1940-340x222.jpg 340w, https:\/\/s.ciekawostkihistoryczne.pl\/uploads\/2022\/11\/LeibstSpanDelBerlin1940-768x502.jpg 768w, https:\/\/s.ciekawostkihistoryczne.pl\/uploads\/2022\/11\/LeibstSpanDelBerlin1940-170x111.jpg 170w, https:\/\/s.ciekawostkihistoryczne.pl\/uploads\/2022\/11\/LeibstSpanDelBerlin1940.jpg 800w\" alt=\"W 1932 roku Wilhelm Koppe zacz\u0105\u0142 robi\u0107 karier\u0119 w SS pod skrzyd\u0142ami Heinricha Himmlera.\" width=\"100%\" height=\"392\" data-src=\"https:\/\/s.ciekawostkihistoryczne.pl\/uploads\/2022\/11\/LeibstSpanDelBerlin1940-600x392.jpg\" data-srcset=\"https:\/\/s.ciekawostkihistoryczne.pl\/uploads\/2022\/11\/LeibstSpanDelBerlin1940-600x392.jpg 600w, https:\/\/s.ciekawostkihistoryczne.pl\/uploads\/2022\/11\/LeibstSpanDelBerlin1940-340x222.jpg 340w, https:\/\/s.ciekawostkihistoryczne.pl\/uploads\/2022\/11\/LeibstSpanDelBerlin1940-768x502.jpg 768w, https:\/\/s.ciekawostkihistoryczne.pl\/uploads\/2022\/11\/LeibstSpanDelBerlin1940-170x111.jpg 170w, https:\/\/s.ciekawostkihistoryczne.pl\/uploads\/2022\/11\/LeibstSpanDelBerlin1940.jpg 800w\" data-sizes=\"(max-width: 600px) 100vw, 600px\" data-was-processed=\"true\"><span style=\"color: #808080;\"><em><span class=\"wp-caption-text-credit\"><span class=\"credit image-credit image-credit-155831\">fot.NAC\/domena publiczna<\/span><\/span><\/em><\/span><\/p>\n<p class=\"wp-caption-text\" style=\"text-align: left;\"><span style=\"color: #000080;\">W 1932 roku Wilhelm Koppe zacz\u0105\u0142 robi\u0107 karier\u0119 w SS pod skrzyd\u0142ami Heinricha Himmlera.<\/span><\/p>\n<p style=\"text-align: left;\"><span style=\"color: #000080;\">Ideologia promowana przez&nbsp;<a style=\"color: #000080;\" href=\"https:\/\/ciekawostkihistoryczne.pl\/leksykon\/adolf-hitler-1889-1945\/\">Hitlera<\/a>&nbsp;i skupionych wok\u00f3\u0142 niego ludzi porwa\u0142a hamburskiego kupca.&nbsp;<strong>Zafascynowany ich has\u0142ami, \u201ez czystego idealizmu\u201d oraz \u201ez uwagi na sytuacj\u0119 polityczn\u0105\u201d ju\u017c we wrze\u015bniu 1930 roku wst\u0105pi\u0142 do NSDAP.&nbsp;<\/strong>Rok p\u00f3\u017aniej by\u0142 ju\u017c cz\u0142onkiem SA \u2013 \u201eoddzia\u0142\u00f3w szturmowych\u201d partii, a w 1932 roku zacz\u0105\u0142 robi\u0107 karier\u0119 w SS pod skrzyd\u0142ami<a style=\"color: #000080;\" href=\"https:\/\/ciekawostkihistoryczne.pl\/leksykon\/heinrich-himmler-1900-1945\/\">&nbsp;Heinricha Himmlera<\/a>. Szybko awansowa\u0142 w strukturach organizacji. W listopadzie 1933 roku zasiad\u0142 jako pose\u0142 w Reichstagu. Sporo si\u0119 te\u017c przeprowadza\u0142 \u2013 dowodzi\u0142 oddzia\u0142ami SS w M\u00fcnsterze, Wolnym Mie\u015bcie Gda\u0144sku, Lipsku i Dre\u017anie.&nbsp;<strong>Ju\u017c wtedy dawa\u0142y o sobie zna\u0107 jego agresywne sk\u0142onno\u015bci.<\/strong>&nbsp;W pe\u0142ni mia\u0142 je rozwin\u0105\u0107 jednak dopiero po wybuchu II wojny \u015bwiatowej.<\/span><\/p>\n<h4 style=\"text-align: left;\"><span style=\"color: #000000;\"><strong>Akcja germanizacja<\/strong><\/span><\/h4>\n<p style=\"text-align: left;\"><span style=\"color: #000080;\">W okupowanej Polsce Koppe otrzyma\u0142 specjalne zadanie. Ju\u017c 26 pa\u017adziernika 1939 roku Himmler mianowa\u0142 go Wy\u017cszym Dow\u00f3dc\u0105 SS i Policji oraz pe\u0142nomocnikiem Komisarza Rzeszy ds. Umacniania Niemczyzny w Kraju Warty. Mia\u0142 zaj\u0105\u0107 si\u0119 realizacj\u0105 polityki germanizacyjnej \u2013 i bynajmniej nie zawi\u00f3d\u0142 swoich prze\u0142o\u017conych. Janusz Smykowski opisuje<\/span>:<\/p>\n<blockquote><p><em>\u201eWs\u0142awi\u0142\u201d si\u0119 licznymi egzekucjami oraz deportacjami Polak\u00f3w i \u017byd\u00f3w do pobliskiego Generalnego Gubernatorstwa, bo przecie\u017c Wartheland mia\u0142 by\u0107 docelowo wolny od tego rodzaju niepo\u017c\u0105danego z punktu widzenia polityki niemieckiej \u201eelementu\u201d. Mo\u017cna te\u017c powiedzie\u0107,&nbsp;<strong>\u017ce jeszcze przed Auschwitz by\u0142 pionierem u\u017cywania gazu<\/strong>&nbsp;do szybkiej i masowej eliminacji pacjent\u00f3w oddzia\u0142\u00f3w psychiatrycznych w maju i czerwcu 1940 r.<\/em><\/p><\/blockquote>\n<p><a href=\"https:\/\/wydawnictwom.pl\/publicystyka\/8008-zbrodnia-bez-kary-dziennikarskie-sledztwo-ujawnia-powojenne-kariery-zbrodniarzy-hitlerowskich-9788380437883.html\"><img decoding=\"async\" loading=\"lazy\" class=\"aligncenter\" src=\"https:\/\/s.ciekawostkihistoryczne.pl\/uploads\/2022\/11\/Zbodnia-bez-kary-mockup-600x450.png\" sizes=\"(max-width: 600px) 100vw, 600px\" srcset=\"https:\/\/s.ciekawostkihistoryczne.pl\/uploads\/2022\/11\/Zbodnia-bez-kary-mockup-600x450.png 600w, https:\/\/s.ciekawostkihistoryczne.pl\/uploads\/2022\/11\/Zbodnia-bez-kary-mockup-340x255.png 340w, https:\/\/s.ciekawostkihistoryczne.pl\/uploads\/2022\/11\/Zbodnia-bez-kary-mockup-768x576.png 768w, https:\/\/s.ciekawostkihistoryczne.pl\/uploads\/2022\/11\/Zbodnia-bez-kary-mockup-1536x1152.png 1536w, https:\/\/s.ciekawostkihistoryczne.pl\/uploads\/2022\/11\/Zbodnia-bez-kary-mockup-170x128.png 170w, https:\/\/s.ciekawostkihistoryczne.pl\/uploads\/2022\/11\/Zbodnia-bez-kary-mockup.png 2000w\" alt=\"Tekst powsta\u0142 m.in. w oparciu o zbi\u00f3r reporta\u017cy i wywiad\u00f3w \u201eZbrodnia bez kary\u201d (Wydawnictwo M, 2022).\" width=\"100% class=\" height=\"450\" data-src=\"https:\/\/s.ciekawostkihistoryczne.pl\/uploads\/2022\/11\/Zbodnia-bez-kary-mockup-600x450.png\" data-srcset=\"https:\/\/s.ciekawostkihistoryczne.pl\/uploads\/2022\/11\/Zbodnia-bez-kary-mockup-600x450.png 600w, https:\/\/s.ciekawostkihistoryczne.pl\/uploads\/2022\/11\/Zbodnia-bez-kary-mockup-340x255.png 340w, https:\/\/s.ciekawostkihistoryczne.pl\/uploads\/2022\/11\/Zbodnia-bez-kary-mockup-768x576.png 768w, https:\/\/s.ciekawostkihistoryczne.pl\/uploads\/2022\/11\/Zbodnia-bez-kary-mockup-1536x1152.png 1536w, https:\/\/s.ciekawostkihistoryczne.pl\/uploads\/2022\/11\/Zbodnia-bez-kary-mockup-170x128.png 170w, https:\/\/s.ciekawostkihistoryczne.pl\/uploads\/2022\/11\/Zbodnia-bez-kary-mockup.png 2000w\" data-sizes=\"(max-width: 600px) 100vw, 600px\" data-was-processed=\"true\"><\/a><\/p>\n<p class=\"wp-caption-text\"><span style=\"text-decoration: underline; color: #000080;\"><strong>T<a style=\"color: #000080; text-decoration: underline;\" href=\"https:\/\/wydawnictwom.pl\/publicystyka\/8008-zbrodnia-bez-kary-dziennikarskie-sledztwo-ujawnia-powojenne-kariery-zbrodniarzy-hitlerowskich-9788380437883.html\" target=\"_blank\" rel=\"noopener noreferrer\">ekst powsta\u0142 m.in. w oparciu o zbi\u00f3r reporta\u017cy i wywiad\u00f3w \u201eZbrodnia bez kary\u201d (Wydawnictwo M, 2022).<\/a><\/strong><\/span><\/p>\n<p style=\"text-align: left;\"><span style=\"color: #000080;\">W kr\u00f3tkim czasie Koppe&nbsp;<strong>zorganizowa\u0142 pr\u0119\u017cnie dzia\u0142aj\u0105c\u0105 machin\u0119 terroru. Poza SS sk\u0142ada\u0142y si\u0119 na ni\u0105 Policja Bezpiecze\u0144stwa (m.in. Gestapo), Kryminalna (Kripo) i Porz\u0105dkowa (OrPo), a tak\u017ce S\u0142u\u017cby Bezpiecze\u0144stwa<\/strong>&nbsp;i innych formacji policyjnych. Kierowa\u0142 deportacjami do getta \u0142\u00f3dzkiego. Kaza\u0142 zabija\u0107 niepe\u0142nosprawnych pacjent\u00f3w o\u015brodka opieku\u0144czego w Dzia\u0142dowie za pomoc\u0105 samochodowych kom\u00f3r gazowych. Na jego rozkaz w Che\u0142mnie nad Nerem utworzono jeden z pierwszych oboz\u00f3w zag\u0142ady \u2013 swego rodzaju poligon do\u015bwiadczalny przed ludob\u00f3jstwem na szerok\u0105 skal\u0119.<\/span><\/p>\n<p style=\"text-align: left;\"><span style=\"color: #000080;\">W\u015br\u00f3d wsp\u00f3\u0142pracownik\u00f3w&nbsp;<strong>Koppe dorobi\u0142 si\u0119 przydomka \u201eMa\u0142y Himmler\u201d.<\/strong>&nbsp;Podw\u0142adni m\u00f3wili za\u015b o nim \u201eDziki Koppe\u201d z uwagi na \u201egor\u0105czkowy, nadmiernie niespokojny i spontanicznie agresywny styl zarz\u0105dzania\u201d.<\/span><\/p>\n<h4 style=\"text-align: left;\"><strong>Odpowiedzialno\u015b\u0107 zbiorowa<\/strong><\/h4>\n<p style=\"text-align: left;\"><span style=\"color: #000080;\">Po czterech latach rezydowania w Poznaniu Koppe zosta\u0142 przeniesiony do Krakowa \u2013 stanowisko zachowa\u0142 to samo, z tym \u017ce w Generalnym Gubernatorstwie. Przy okazji obj\u0105\u0142 stanowisko sekretarza stanu ds. bezpiecze\u0144stwa w rz\u0105dzie GG. I tu da\u0142 si\u0119 pozna\u0107 od najgorszej strony.&nbsp;<a style=\"color: #000080;\" href=\"https:\/\/wydawnictwom.pl\/publicystyka\/8008-zbrodnia-bez-kary-dziennikarskie-sledztwo-ujawnia-powojenne-kariery-zbrodniarzy-hitlerowskich-9788380437883.html\" target=\"_blank\" rel=\"noopener noreferrer\">Katarzyna Domaga\u0142a-Pereira i Anieszka Wa\u015b-Turecka<\/a>&nbsp;referuj\u0105:<\/span><\/p>\n<blockquote><p><em>\u201eDziki Koppe\u201d sieje terror r\u00f3wnie\u017c w Generalnym Gubernatorstwie.&nbsp;<strong>Jest bardziej radykalny od poprzednika i nie ma skrupu\u0142\u00f3w.<\/strong>&nbsp;Pod koniec czerwca 1944 roku wydaje rozkaz, w kt\u00f3rym zarz\u0105dza \u201emordowanie najbli\u017cszych krewnych cz\u0142onka ruchu oporu, kt\u00f3ry by dokona\u0142 zamachu na Niemca albo te\u017c szczeg\u00f3lnie dotkliwie odczuwanego przez okupanta aktu sabota\u017cu\u201d.<\/em><\/p><\/blockquote>\n<p style=\"text-align: left;\"><span style=\"color: #000080;\">(<em>\u2026) Na jednym z ostatnich posiedze\u0144 rz\u0105du GG, 9 grudnia 1944 roku,&nbsp;<strong>Koppe jest or\u0119downikiem odpowiedzialno\u015bci rodowej. Chce masowego rozstrzeliwania uj\u0119tych cz\u0142onk\u00f3w ruchu oporu<\/strong>. Karze maj\u0105 podlega\u0107 m\u0119\u017cczy\u017ani w wieku od szesnastu do sze\u015b\u0107dziesi\u0119ciu lat. O\u015bwiadcza ponadto,&nbsp;<strong>\u017ce \u201ena ulicach Krakowa nale\u017cy rozstrzeliwa\u0107 codziennie 50 Polak\u00f3w<\/strong>, kt\u00f3rym w 60 procentach udowodniono pope\u0142nienie jakiegokolwiek zbrodniczego czynu\u201d<\/em>.<\/span><\/p>\n<h4 style=\"text-align: left;\"><strong>Nieudany zamach<\/strong><\/h4>\n<p style=\"text-align: left;\"><span style=\"color: #000080;\">Po tym jak Koppe na prze\u0142omie stycznia i lutego 1944 roku nakaza\u0142 rozstrzelanie 100 wi\u0119\u017ani\u00f3w politycznych w odwecie za pr\u00f3b\u0119 (nieudan\u0105) zamachu na gubernatora Hansa Franka, Polskie Pa\u0144stwo Podziemne skaza\u0142o go na \u015bmier\u0107<strong>. Do wykonania wyroku oddelegowano \u017co\u0142nierzy z Batalionu \u201eParasol\u201d Kedywu KG AK.&nbsp;<\/strong>Na czele grupy stan\u0105\u0142 Stanis\u0142aw Leopold ps. \u201eRafa\u0142\u201d. W\u015br\u00f3d jego ludzi znale\u017ali si\u0119 te\u017c m.in. uczestnicy akcji zlikwidowania Franza Kutschery, dow\u00f3dcy SS i policji na dystrykt warszawski, kt\u00f3ry zgin\u0105\u0142 1 lutego 1944 roku \u2013 \u201eKruszynka\u201d, \u201eAli\u201d i \u201eDewajtis\u201d.<\/span><\/p>\n<p style=\"text-align: left;\"><span style=\"color: #000080;\">Zamach pierwotnie zaplanowano na 5 lipca, jednak z przyczyn losowych dat\u0119 przek\u0142adano kolejno na 6 i 7 lipca. Ostatecznie pr\u00f3b\u0119 zabicia \u201eMa\u0142ego Himmlera\u201d podj\u0119to 11 lipca \u2013 niestety nieskuteczn\u0105. Janusz Smykowski opisuje:<\/span><\/p>\n<blockquote><p><em>Oko\u0142o godz. 9.20, gdy jego samoch\u00f3d zbli\u017ca\u0142 si\u0119 do miejsca akcji, grupa uderzeniowa, kt\u00f3ra jako pierwsza mia\u0142a otworzy\u0107 ogie\u0144, nie zrobi\u0142a tego, prawdopodobnie z powodu dezorientacji wywo\u0142anej brakiem ochrony Koppego. Plan akcji nie bra\u0142 pod uwag\u0119 przejazdu Koppego po Krakowie bez eskorty, gdy\u017c nigdy wcze\u015bniej nie by\u0142o takiego przypadku<strong>. Ostrza\u0142 pojazdu rozpocz\u0105\u0142 na rogu ul. Powi\u015ble z pl. Kossaka sam \u201eRafa\u0142\u201d, po nim za\u015b strzelali \u201eMietek\u201d i pozostali \u017co\u0142nierze<\/strong>, lecz mercedes Koppego nie zosta\u0142 zatrzymany.&nbsp;<strong>Sam Koppe natychmiast po pierwszych strza\u0142ach osun\u0105\u0142 si\u0119 na pod\u0142og\u0119 pancernego auta, co prawdopodobnie ocali\u0142o mu \u017cycie<\/strong>. Pomimo po\u015bcigu kierowcy Koppego uda\u0142o si\u0119 odskoczy\u0107 na bezpieczn\u0105 odleg\u0142o\u015b\u0107. Ca\u0142a operacja trwa\u0142a nieca\u0142\u0105 minut\u0119.<\/em><\/p><\/blockquote>\n<p style=\"text-align: left;\"><span style=\"color: #000080;\">Dziewi\u0119\u0107 miesi\u0119cy p\u00f3\u017aniej Generalne Gubernatorstwo przesta\u0142o istnie\u0107. W kwietniu 1945 roku Koppe obj\u0105\u0142 funkcj\u0119 Wy\u017cszego Dow\u00f3dcy SS i Policji na obszarze \u201ePo\u0142udnie\u201d w Monachium. Stamt\u0105d obserwowa\u0142 upadek III Rzeszy.<\/span><\/p>\n<h4 style=\"text-align: left;\"><strong>Bilans ofiar<\/strong><\/h4>\n<p style=\"text-align: left;\"><span style=\"color: #000080;\">Po wojnie Koppe zdo\u0142a\u0142 uciec i ukry\u0107 si\u0119 z rodzin\u0105. Pod nazwiskiem panie\u0144skim \u017cony \u2013 Lohmann \u2013 przez 15 lat wi\u00f3d\u0142 dostatnie \u017cycie \u2013 najpierw kupca, potem przedstawiciela handlowego, a wreszcie dyrektora fabryki czekolady w Bonn. W ko\u0144cu zosta\u0142 zidentyfikowany. Aresztowano go w 1960 roku. W zamkni\u0119ciu sp\u0119dzi\u0142 niemal dwa lata i trzy miesi\u0105ce. Wyszed\u0142 za kaucj\u0105 wynosz\u0105c\u0105 50 tysi\u0119cy marek.<\/span><\/p>\n<p style=\"text-align: center;\"><img decoding=\"async\" loading=\"lazy\" class=\"size-large wp-image-155827 lazy loaded aligncenter\" src=\"https:\/\/s.ciekawostkihistoryczne.pl\/uploads\/2022\/11\/Bundesarchiv_Bild_183-E12108_Posen_NS-Feierstunde_Ehrenkompanie-1-600x443.jpg\" sizes=\"(max-width: 600px) 100vw, 600px\" srcset=\"https:\/\/s.ciekawostkihistoryczne.pl\/uploads\/2022\/11\/Bundesarchiv_Bild_183-E12108_Posen_NS-Feierstunde_Ehrenkompanie-1-600x443.jpg 600w, https:\/\/s.ciekawostkihistoryczne.pl\/uploads\/2022\/11\/Bundesarchiv_Bild_183-E12108_Posen_NS-Feierstunde_Ehrenkompanie-1-340x251.jpg 340w, https:\/\/s.ciekawostkihistoryczne.pl\/uploads\/2022\/11\/Bundesarchiv_Bild_183-E12108_Posen_NS-Feierstunde_Ehrenkompanie-1-768x567.jpg 768w, https:\/\/s.ciekawostkihistoryczne.pl\/uploads\/2022\/11\/Bundesarchiv_Bild_183-E12108_Posen_NS-Feierstunde_Ehrenkompanie-1-170x126.jpg 170w, https:\/\/s.ciekawostkihistoryczne.pl\/uploads\/2022\/11\/Bundesarchiv_Bild_183-E12108_Posen_NS-Feierstunde_Ehrenkompanie-1.jpg 800w\" alt=\"Wilhelm Koppe i Arthur Greiser przed kompani\u0105 honorow\u0105 Wehrmachtu (Pozna\u0144, listopad 1939)\" width=\"100%\" height=\"443\" data-src=\"https:\/\/s.ciekawostkihistoryczne.pl\/uploads\/2022\/11\/Bundesarchiv_Bild_183-E12108_Posen_NS-Feierstunde_Ehrenkompanie-1-600x443.jpg\" data-srcset=\"https:\/\/s.ciekawostkihistoryczne.pl\/uploads\/2022\/11\/Bundesarchiv_Bild_183-E12108_Posen_NS-Feierstunde_Ehrenkompanie-1-600x443.jpg 600w, https:\/\/s.ciekawostkihistoryczne.pl\/uploads\/2022\/11\/Bundesarchiv_Bild_183-E12108_Posen_NS-Feierstunde_Ehrenkompanie-1-340x251.jpg 340w, https:\/\/s.ciekawostkihistoryczne.pl\/uploads\/2022\/11\/Bundesarchiv_Bild_183-E12108_Posen_NS-Feierstunde_Ehrenkompanie-1-768x567.jpg 768w, https:\/\/s.ciekawostkihistoryczne.pl\/uploads\/2022\/11\/Bundesarchiv_Bild_183-E12108_Posen_NS-Feierstunde_Ehrenkompanie-1-170x126.jpg 170w, https:\/\/s.ciekawostkihistoryczne.pl\/uploads\/2022\/11\/Bundesarchiv_Bild_183-E12108_Posen_NS-Feierstunde_Ehrenkompanie-1.jpg 800w\" data-sizes=\"(max-width: 600px) 100vw, 600px\" data-was-processed=\"true\"><span style=\"color: #808080;\"><em><span class=\"wp-caption-text-credit\"><span class=\"credit image-credit image-credit-155827\">fot.Bundesarchiv, Bild 183-E12108 \/ CC-BY-SA 3.0<\/span><\/span><\/em><\/span><\/p>\n<p class=\"wp-caption-text\" style=\"text-align: left;\"><span style=\"color: #000080;\">Wilhelm Koppe i Arthur Greiser przed kompani\u0105 honorow\u0105 Wehrmachtu (Pozna\u0144, listopad 1939)<\/span><\/p>\n<p style=\"text-align: left;\"><span style=\"color: #000080;\">Akt oskar\u017cenia przygotowany przez prokuratur\u0119 w Bonn na podstawie zezna\u0144 przesz\u0142o 200 \u015bwiadk\u00f3w liczy\u0142 348 stron<strong>. \u201eMa\u0142emu Himmlerowi\u201d zarzucano udzia\u0142 w mordowaniu i pod\u017ceganie do zab\u00f3jstwa. Oskar\u017cyciele oszacowali, \u017ce uczestniczy\u0142 w morderstwie co najmniej 145 tysi\u0119cy os\u00f3b<\/strong>. W rzeczywisto\u015bci ofiar zbrodniarza by\u0142o zdecydowanie wi\u0119cej. Wojciech Wichert wylicza:<\/span><\/p>\n<blockquote><p><em>Do lata 1941 r. podleg\u0142e Koppemu SS-Sonderkommando Herberta Langego zlikwidowa\u0142o przy pomocy ci\u0119\u017car\u00f3wki-komory gazowej ponad 5,5 tys. psychicznie chorych z kilku zak\u0142ad\u00f3w leczniczych na terenie Kraju Warty. Ponadto jako Wy\u017cszy Dow\u00f3dca SS i Policji przygotowywa\u0142 plany oraz wydawa\u0142 rozkazy zwi\u0105zane z eksterminacj\u0105 \u017byd\u00f3w na tym terenie. Kierowa\u0142 deportacjami do getta \u0142\u00f3dzkiego i by\u0142 jednym z g\u0142\u00f3wnych inicjator\u00f3w powstania obozu zag\u0142ady w Che\u0142mnie nad Nerem (Kulmhof), gdzie zamordowano og\u00f3\u0142em ok. 200 tysi\u0119cy os\u00f3b, w wi\u0119kszo\u015bci pochodzenia \u017cydowskiego.<\/em><\/p><\/blockquote>\n<p style=\"text-align: left;\"><span style=\"color: #000080;\">Do tego nale\u017ca\u0142oby doliczy\u0107 ofiary egzekucji na Polakach dokonywanych z jego rozkazu \u2013 m.in. w Tuchorzy 9 lipca 1942 roku.<\/span><\/p>\n<h4 style=\"text-align: left;\"><strong>\u201eNigdy nie ukarany!!!\u201d<\/strong><\/h4>\n<p style=\"text-align: left;\"><span style=\"color: #000080;\">Mimo licznych dowod\u00f3w winy, ostatecznie Koppe nie zosta\u0142 poci\u0105gni\u0119ty do odpowiedzialno\u015bci<strong>. W 1966 roku s\u0105d krajowy w Bonn zawiesi\u0142 post\u0119powanie.<\/strong>&nbsp;Uzna\u0142, \u017ce stan zdrowia zbrodniarza nie pozwala mu uczestniczy\u0107 w procesie. Wilhelm Koppe do\u017cy\u0142 79 lat. Zmar\u0142 2 lipca 1975 roku z przyczyn naturalnych. W akcie zgonu odnotowano jedynie, \u017ce by\u0142 \u201egenera\u0142em policji\u201d.<\/span><\/p>\n<p style=\"text-align: left;\"><span style=\"color: #000080;\">Katarzyna Domaga\u0142a-Pereira i Anieszka Wa\u015b-Turecka pisz\u0105:<\/span><\/p>\n<blockquote><p><em>Na cmentarzu w Bonn Wilhelm Koppe nie zaznaje spokoju.&nbsp;<strong>Na jego grobie regularnie pojawia si\u0119 tabliczka z napisem \u201eNigdy nie ukarany!!!\u201d.<\/strong>&nbsp;Kto\u015b umieszcza tekst na \u017c\u00f3\u0142tym lub czerwonym tle i laminuje kartk\u0119. Nie jest du\u017ca, ale rzuca si\u0119 w oczy na zadbanym grobie, kt\u00f3ry by\u0142y wy\u017cszy dow\u00f3dca SS i policji w Kraju Warty, a potem Generalnym Gubernatorstwie, dzieli z \u017con\u0105 K\u00e4the i synem Manfredem. Pracownik cmentarza cierpliwie usuwa tabliczki.<\/em><\/p><\/blockquote>\n<hr>\n<p><span style=\"color: #808080;\"><strong>Bibliografia:<\/strong><\/span><\/p>\n<ol>\n<li><span style=\"color: #808080;\"><a style=\"color: #808080;\" href=\"https:\/\/wydawnictwom.pl\/publicystyka\/8008-zbrodnia-bez-kary-dziennikarskie-sledztwo-ujawnia-powojenne-kariery-zbrodniarzy-hitlerowskich-9788380437883.html\" target=\"_blank\" rel=\"noopener noreferrer\"><em>Zbrodnia bez kary<\/em>, praca zbiorowa, Wydawnictwo M 2022.<\/a><\/span><\/li>\n<li><span style=\"color: #808080;\">Janusz Smykowski,<a style=\"color: #808080;\" href=\"https:\/\/www.1944.pl\/artykul\/bestie-na-sluzbie-zbrodni-wilhelm-koppe-o,5142.html\">&nbsp;<em>Bestie na s\u0142u\u017cbie zbrodni: Wilhelm Koppe \u2013 od pucybuta do milionera w wersji SS<\/em><\/a>, Muzeum Powstania Warszawskiego (dost\u0119p: 17.11.2022).<\/span><\/li>\n<li><span style=\"color: #808080;\">Wojciech Wichert,&nbsp;<a style=\"color: #808080;\" href=\"https:\/\/przystanekhistoria.pl\/pa2\/teksty\/82055,Wilhelm-Koppe-nieukarany-zbrodniarz-hitlerowski.html\"><em>Wilhelm Koppe \u2013 nieukarany zbrodniarz hitlerowski<\/em>,<\/a>&nbsp;Przystanek Historia (dost\u0119p: 17.11.2022).<\/span><\/li>\n<\/ol>\n<p><img decoding=\"async\" loading=\"lazy\" class=\"aligncenter wp-image-155839 size-large lazy loaded\" src=\"https:\/\/s.ciekawostkihistoryczne.pl\/uploads\/2022\/11\/baner_1000%C3%97800-1-600x480.jpg\" sizes=\"(max-width: 600px) 100vw, 600px\" srcset=\"https:\/\/s.ciekawostkihistoryczne.pl\/uploads\/2022\/11\/baner_1000\u00d7800-1-600x480.jpg 600w, https:\/\/s.ciekawostkihistoryczne.pl\/uploads\/2022\/11\/baner_1000\u00d7800-1-340x272.jpg 340w, https:\/\/s.ciekawostkihistoryczne.pl\/uploads\/2022\/11\/baner_1000\u00d7800-1-768x614.jpg 768w, https:\/\/s.ciekawostkihistoryczne.pl\/uploads\/2022\/11\/baner_1000\u00d7800-1-170x136.jpg 170w, https:\/\/s.ciekawostkihistoryczne.pl\/uploads\/2022\/11\/baner_1000\u00d7800-1.jpg 1000w\" alt=\"\" width=\"600\" height=\"480\" data-src=\"https:\/\/s.ciekawostkihistoryczne.pl\/uploads\/2022\/11\/baner_1000\u00d7800-1-600x480.jpg\" data-srcset=\"https:\/\/s.ciekawostkihistoryczne.pl\/uploads\/2022\/11\/baner_1000\u00d7800-1-600x480.jpg 600w, https:\/\/s.ciekawostkihistoryczne.pl\/uploads\/2022\/11\/baner_1000\u00d7800-1-340x272.jpg 340w, https:\/\/s.ciekawostkihistoryczne.pl\/uploads\/2022\/11\/baner_1000\u00d7800-1-768x614.jpg 768w, https:\/\/s.ciekawostkihistoryczne.pl\/uploads\/2022\/11\/baner_1000\u00d7800-1-170x136.jpg 170w, https:\/\/s.ciekawostkihistoryczne.pl\/uploads\/2022\/11\/baner_1000\u00d7800-1.jpg 1000w\" data-sizes=\"(max-width: 600px) 100vw, 600px\" data-was-processed=\"true\"><\/p>\n<hr style=\"height: 15px; background: #d0e6fa; width: 100%;\">\n<div id=\"content\" class=\"content-alignment\">\n<div id=\"watch-description\" class=\"yt-uix-button-panel\">\n<div id=\"watch-description-text\" style=\"text-align: center;\">\n<p><em>Zawarto\u015b\u0107 publikowanych artyku\u0142\u00f3w i materia\u0142\u00f3w nie reprezentuje pogl\u0105d\u00f3w ani opinii Reunion&#8217;68,<\/em><em><br \/>\nani te\u017c webmastera Blogu Reunion&#8217;68, chyba ze jest to wyra\u017anie zaznaczone.<br \/>\nTwoje uwagi, linki, w\u0142asne artyku\u0142y lub wiadomo\u015bci prze\u015blij na adres:<br \/>\n<\/em><span style=\"color: #000080;\"><strong><em><a style=\"color: #000080;\" href=\"mailto:webmaster@reunion68.com\"><span style=\"text-decoration: underline;\">webmaster@reunion68.com<\/span><\/a><\/em><\/strong><\/span><\/p>\n<\/div>\n<\/div>\n<\/div>\n<hr style=\"width: 100%;\">\n","protected":false},"excerpt":{"rendered":"<p>W\u015br\u00f3d wsp\u00f3\u0142pracownik\u00f3w Koppe dorobi\u0142 si\u0119 przydomka \u201eMa\u0142y Himmler\u201d. Podw\u0142adni m\u00f3wili za\u015b o nim \u201eDziki Koppe\u201d Wilhelm Koppe \u2013 \u201eMa\u0142y Himmler\u201d Maria Procner \u201eNa ulicach Krakowa nale\u017cy rozstrzeliwa\u0107 codziennie 50 Polak\u00f3w\u201d \u2013 nawo\u0142ywa\u0142 Wilhelm Koppe, szef SS i policji w okupowanej Polsce. Nigdy nie zosta\u0142 ukarany. . W reporta\u017cu&nbsp;Jak \u201eMa\u0142y Himmler\u201d po wojnie zosta\u0142 dyrektorem fabryki [&hellip;]<\/p>\n","protected":false},"author":1,"featured_media":0,"comment_status":"closed","ping_status":"closed","sticky":false,"template":"","format":"standard","meta":[],"categories":[6],"tags":[26,24],"_links":{"self":[{"href":"https:\/\/www.reunion68.se\/index.php?rest_route=\/wp\/v2\/posts\/99842"}],"collection":[{"href":"https:\/\/www.reunion68.se\/index.php?rest_route=\/wp\/v2\/posts"}],"about":[{"href":"https:\/\/www.reunion68.se\/index.php?rest_route=\/wp\/v2\/types\/post"}],"author":[{"embeddable":true,"href":"https:\/\/www.reunion68.se\/index.php?rest_route=\/wp\/v2\/users\/1"}],"replies":[{"embeddable":true,"href":"https:\/\/www.reunion68.se\/index.php?rest_route=%2Fwp%2Fv2%2Fcomments&post=99842"}],"version-history":[{"count":13,"href":"https:\/\/www.reunion68.se\/index.php?rest_route=\/wp\/v2\/posts\/99842\/revisions"}],"predecessor-version":[{"id":99931,"href":"https:\/\/www.reunion68.se\/index.php?rest_route=\/wp\/v2\/posts\/99842\/revisions\/99931"}],"wp:attachment":[{"href":"https:\/\/www.reunion68.se\/index.php?rest_route=%2Fwp%2Fv2%2Fmedia&parent=99842"}],"wp:term":[{"taxonomy":"category","embeddable":true,"href":"https:\/\/www.reunion68.se\/index.php?rest_route=%2Fwp%2Fv2%2Fcategories&post=99842"},{"taxonomy":"post_tag","embeddable":true,"href":"https:\/\/www.reunion68.se\/index.php?rest_route=%2Fwp%2Fv2%2Ftags&post=99842"}],"curies":[{"name":"wp","href":"https:\/\/api.w.org\/{rel}","templated":true}]}}