{"id":99869,"date":"2022-11-28T17:00:37","date_gmt":"2022-11-28T15:00:37","guid":{"rendered":"http:\/\/www.reunion68.se\/?p=99869"},"modified":"2022-11-27T09:43:35","modified_gmt":"2022-11-27T07:43:35","slug":"23-05-78","status":"publish","type":"post","link":"https:\/\/www.reunion68.se\/?p=99869","title":{"rendered":"Germany \u201cIrritated\u201d by FIFA Over Human Rights in Qatar, Iran"},"content":{"rendered":"<h5 style=\"text-align: center;\"><a href=\"https:\/\/www.algemeiner.com\/\" target=\"_blank\" rel=\"noopener noreferrer\"><img decoding=\"async\" class=\"center alignleft\" src=\"http:\/\/www.reunion68.com\/Biuletyn\/img\/algem.png\" alt=\"\" width=\"35%\"><\/a><span style=\"text-decoration: underline; color: #000080;\"><span><strong><a style=\"color: #000080; text-decoration: underline;\" href=\"https:\/\/www.algemeiner.com\/2022\/11\/18\/germany-irritated-by-fifa-over-human-rights-in-qatar-iran\/\" target=\"_blank\" rel=\"noopener noreferrer\">Germany \u201cIrritated\u201d by FIFA Over Human Rights in Qatar, Iran<\/a><\/strong><\/span><\/span><\/h5>\n<p style=\"text-align: center;\"><span style=\"color: #000000;\"><strong>Reuters<\/strong> and <strong>Algemeiner Staff<\/strong><\/span><\/p>\n<hr style=\"height: 15px; background: #d0e6fa; width: 100%;\">\n<p style=\"text-align: center;\"><img decoding=\"async\" class=\"aligncenter\" src=\"https:\/\/www.algemeiner.com\/wp-content\/uploads\/2022\/11\/2022-11-18T162222Z_2_LYNXMPEIAH0HQ_RTROPTP_4_SOCCER-FRIENDLY-OMN-GER-REPORT1.jpg\" width=\"100%\"><span style=\"color: #808080;\"><em>FILE PHOTO: Soccer Football \u2013 International Friendly \u2013 Oman v Germany \u2013 Sultan Qaboos Sports Complex, Muscat, Oman \u2013 November 16, 2022 DFB president Bernd Neuendorf is pictured before the match REUTERS\/Annegret Hilse<\/em><\/span><\/p>\n<p style=\"text-align: left;\"><span style=\"color: #000080;\">Germany\u2019s decision not to back FIFA President Gianni Infantino\u2019s re-election next year was a result of the soccer\u2019 body\u2019s handling of human rights issues at World Cup hosts Qatar and its failure to take a stand on<span class=\"highlight\" data-qa-component=\"highlight-text\">&nbsp;Iran<\/span>, German Football Association (DFB) chief Bernd Neuendorf said on Friday.<\/span><\/p>\n<p style=\"text-align: left;\"><span style=\"color: #000080;\">Qatar is the first Middle Eastern country to be picked by FIFA to host the World Cup, but the small energy-rich nation has come under intense pressure for its treatment of foreign workers and restrictive social laws.<\/span><\/p>\n<p style=\"text-align: left;\"><span style=\"color: #000080;\">Neuendorf said the DFB\u2019s decision not to back Infantino, set to be re-elected for a third term in March, was because the German federation had been \u201cirritated\u201d by a number of issues related to the World Cup.<\/span><\/p>\n<p style=\"text-align: left;\"><span style=\"color: #000080;\">\u201cWe indeed took this decision (not to back Infantino). It was not easy but at the end of the day that was the decision because we believe we have to make a statement,\u201d Neuendorf told a news conference.<\/span><\/p>\n<p style=\"text-align: left;\"><span style=\"color: #000080;\">\u201cInfantino already has the support of continental confederations and his re-election is very likely. But after his letter two weeks ago that human rights should not play a role and we should focus on football we were considerably irritated,\u201d Neuendorf added.<\/span><\/p>\n<p style=\"text-align: left;\"><span style=\"color: #000080;\">\u201cThere were other things as well that irritated us with FIFA. The ban of the slogan for the Danish shirt because \u2018human rights for all\u2019 was written on it.\u201d<\/span><\/p>\n<p style=\"text-align: left;\"><span style=\"color: #000080;\">FIFA last week had rejected a request by the Danish Football Association to train at the World Cup in shirts with the words \u201chuman rights for all\u201d on them.<\/span><\/p>\n<p style=\"text-align: left;\"><span style=\"color: #000080;\">\u201cSuch a slogan is not a political decision you can chose to take. It is about human rights and they are universal and binding around the world,\u201d Neuendorf said.<\/span><\/p>\n<p style=\"text-align: left;\"><span style=\"color: #000080;\">He said while FIFA was quick to ban the Danish request it remained silent amid ongoing protests in<span class=\"highlight\" data-qa-component=\"highlight-text\">&nbsp;Iran<\/span>.<\/span><\/p>\n<p style=\"text-align: left;\"><span style=\"color: #000080;\">Several<span class=\"highlight\" data-qa-component=\"highlight-text\">&nbsp;Iran<\/span>ian sportsmen and women have used international competition to indicate their support for the protests that have rocked the country since the death of 22-year-old Mahsa Amini in the custody of the morality police in September.<\/span><\/p>\n<p style=\"text-align: left;\"><span style=\"color: #000080;\">\u201cThe very courageous women in<span class=\"highlight\" data-qa-component=\"highlight-text\">&nbsp;Iran&nbsp;<\/span>deserve our support,\u201d Neuendorf said.<\/span><\/p>\n<p style=\"text-align: left;\"><span style=\"color: #000080;\">\u201cThe<span class=\"highlight\" data-qa-component=\"highlight-text\">&nbsp;Iran&nbsp;<\/span>team has made their statements which made it clear they distance themselves from the regime. That\u2019s a good signal. FIFA did not position itself. It positioned itself in the Denmark case but not<span class=\"highlight\" data-qa-component=\"highlight-text\">&nbsp;Iran<\/span>. Don\u2019t just ban the Denmark shirt. Take a position on<span class=\"highlight\" data-qa-component=\"highlight-text\">&nbsp;Iran<\/span>,\u201d he said.<\/span><\/p>\n<hr style=\"height: 15px; background: #d0e6fa; width: 100%;\">\n<div id=\"content\" class=\"content-alignment\">\n<div id=\"watch-description\" class=\"yt-uix-button-panel\">\n<div id=\"watch-description-text\" style=\"text-align: center;\">\n<p><em>Zawarto\u015b\u0107 publikowanych artyku\u0142\u00f3w i materia\u0142\u00f3w nie reprezentuje pogl\u0105d\u00f3w ani opinii Reunion&#8217;68,<\/em><em><br \/>\nani te\u017c webmastera Blogu Reunion&#8217;68, chyba ze jest to wyra\u017anie zaznaczone.<br \/>\nTwoje uwagi, linki, w\u0142asne artyku\u0142y lub wiadomo\u015bci prze\u015blij na adres:<br \/>\n<\/em><span style=\"color: #000080;\"><strong><em><a style=\"color: #000080;\" href=\"mailto:webmaster@reunion68.com\"><span style=\"text-decoration: underline;\">webmaster@reunion68.com<\/span><\/a><\/em><\/strong><\/span><\/p>\n<\/div>\n<\/div>\n<\/div>\n<hr style=\"width: 100%;\">\n","protected":false},"excerpt":{"rendered":"<p>Germany \u201cIrritated\u201d by FIFA Over Human Rights in Qatar, Iran Reuters and Algemeiner Staff FILE PHOTO: Soccer Football \u2013 International Friendly \u2013 Oman v Germany \u2013 Sultan Qaboos Sports Complex, Muscat, Oman \u2013 November 16, 2022 DFB president Bernd Neuendorf is pictured before the match REUTERS\/Annegret Hilse Germany\u2019s decision not to back FIFA President Gianni [&hellip;]<\/p>\n","protected":false},"author":1,"featured_media":0,"comment_status":"closed","ping_status":"closed","sticky":false,"template":"","format":"standard","meta":[],"categories":[6],"tags":[26,24],"_links":{"self":[{"href":"https:\/\/www.reunion68.se\/index.php?rest_route=\/wp\/v2\/posts\/99869"}],"collection":[{"href":"https:\/\/www.reunion68.se\/index.php?rest_route=\/wp\/v2\/posts"}],"about":[{"href":"https:\/\/www.reunion68.se\/index.php?rest_route=\/wp\/v2\/types\/post"}],"author":[{"embeddable":true,"href":"https:\/\/www.reunion68.se\/index.php?rest_route=\/wp\/v2\/users\/1"}],"replies":[{"embeddable":true,"href":"https:\/\/www.reunion68.se\/index.php?rest_route=%2Fwp%2Fv2%2Fcomments&post=99869"}],"version-history":[{"count":5,"href":"https:\/\/www.reunion68.se\/index.php?rest_route=\/wp\/v2\/posts\/99869\/revisions"}],"predecessor-version":[{"id":99966,"href":"https:\/\/www.reunion68.se\/index.php?rest_route=\/wp\/v2\/posts\/99869\/revisions\/99966"}],"wp:attachment":[{"href":"https:\/\/www.reunion68.se\/index.php?rest_route=%2Fwp%2Fv2%2Fmedia&parent=99869"}],"wp:term":[{"taxonomy":"category","embeddable":true,"href":"https:\/\/www.reunion68.se\/index.php?rest_route=%2Fwp%2Fv2%2Fcategories&post=99869"},{"taxonomy":"post_tag","embeddable":true,"href":"https:\/\/www.reunion68.se\/index.php?rest_route=%2Fwp%2Fv2%2Ftags&post=99869"}],"curies":[{"name":"wp","href":"https:\/\/api.w.org\/{rel}","templated":true}]}}