{"id":99893,"date":"2022-11-20T17:09:46","date_gmt":"2022-11-20T15:09:46","guid":{"rendered":"http:\/\/www.reunion68.se\/?p=99893"},"modified":"2022-11-20T16:42:58","modified_gmt":"2022-11-20T14:42:58","slug":"24-09-79","status":"publish","type":"post","link":"https:\/\/www.reunion68.se\/?p=99893","title":{"rendered":"Sonda\u017c Kantar Public dla IPN: 49 proc. Polak\u00f3w popiera demonta\u017c pomnik\u00f3w Armii Czerwonej"},"content":{"rendered":"<p style=\"text-align: center;\"><img decoding=\"async\" class=\"aligncenter\" src=\"https:\/\/dzieje.pl\/sites\/default\/files\/styles\/open_article_750x0_\/public\/202211\/demonta%C5%BC_pomnik.jpg?itok=gSf0uI4c\" width=\"100%\"><span style=\"color: #808080;\"><em>27.10.2022. Demonta\u017c pomnika po\u015bwi\u0119conego Armii Czerwonej w Bobolicach. Fot. PAP\/M. Bielecki<\/em><\/span><\/p>\n<hr>\n<h5 style=\"text-align: center;\"><a href=\"https:\/\/dzieje.pl\/\" target=\"_blank\" rel=\"noopener noreferrer\"><img decoding=\"async\" class=\"center alignleft\" src=\"http:\/\/www.reunion68.com\/Biuletyn\/img\/dzieje_logo.png\" alt=\"\" width=\"35%\"><\/a><span style=\"text-decoration: underline; color: #000080;\"><span style=\"text-decoration: underline;\"><strong><a style=\"color: #000080; text-decoration: underline;\" href=\"https:\/\/dzieje.pl\/wiadomosci\/sondaz-kantar-public-dla-ipn-49-proc-polakow-popiera-demontaz-pomnikow-armii-czerwonej\" target=\"_blank\" rel=\"noopener noreferrer\">Sonda\u017c Kantar Public dla IPN: 49 proc. Polak\u00f3w popiera demonta\u017c pomnik\u00f3w Armii Czerwonej<\/a><\/strong><\/span><\/span><\/h5>\n<p style=\"text-align: center;\"><span style=\"color: #000000;\"><strong>Maciej Replewicz<\/strong><\/span><\/p>\n<hr style=\"height: 15px; background: #d0e6fa; width: 100%;\">\n<h4 style=\"text-align: center;\"><span style=\"color: #808080;\"><strong>Blisko po\u0142owa spo\u0142ecze\u0144stwa pozytywnie ocenia usuni\u0119cie \u201epomnik\u00f3w wdzi\u0119czno\u015bci\u201d budowanych w latach 1945\u201389 dla upami\u0119tnienia armii sowieckiej, wynika z sonda\u017cu Kantar Public dla IPN. Dzia\u0142ania Instytutu zapocz\u0105tkowa\u0142y podobne inicjatywy na Litwie, \u0141otwie i w Estonii.<\/strong><\/span><\/h4>\n<div class=\"field field--name-body field--type-text-with-summary field--label-hidden field__item\">\n<p>.<\/p>\n<p style=\"text-align: left;\"><span style=\"color: #000080;\">Po apelu Prezesa IPN dr Karola Nawrockiego od pocz\u0105tku marca na terenie Polski zdemontowano ju\u017c 25 z 60 komunistycznych obiekt\u00f3w propagandowych. Dzia\u0142ania Instytutu Pami\u0119ci Narodowej spotka\u0142y si\u0119 z pozytywnym odd\u017awi\u0119kiem spo\u0142ecznym, co potwierdza raport Kantar Public zrealizowany na zlecenie IPN.<\/span><\/p>\n<p style=\"text-align: left;\"><span style=\"color: #000080;\">43 proc. respondent\u00f3w uwa\u017ca, \u017ce demonta\u017c sowieckich pomnik\u00f3w w Polsce jest dzia\u0142aniem potrzebnym, 10 proc. spo\u0142ecze\u0144stwa jest przeciwnego zdania. 49 proc. respondent\u00f3w uznaje demonta\u017c za dzia\u0142anie w\u0142a\u015bciwe.<\/span><\/p>\n<p style=\"text-align: left;\"><span style=\"color: #000080;\">45 proc. dobrze ocenia dzia\u0142ania Instytutu Pami\u0119ci Narodowej w tym zakresie. 31 proc. badanych nie potrafi ich oceni\u0107. Tylko 8 proc. badanych \u017ale ocenia dzia\u0142ania IPN.<\/span><\/p>\n<p style=\"text-align: left;\"><span style=\"color: #000080;\">Na masow\u0105 skal\u0119 tzw. \u201epomniki wdzi\u0119czno\u015bci\u201d Armii Czerwonej zacz\u0119to budowa\u0107 w Polsce w 1945 r. Du\u017c\u0105 aktywno\u015b\u0107 wykazywali komunistyczni dzia\u0142acze partyjni, dow\u00f3dcy wojskowi i rozmaite instytucje, m.in. Towarzystwa Przyja\u017ani Polsko-Radzieckiej. Do wzniesienia wielu przyczyni\u0142y si\u0119 tak\u017ce stacjonuj\u0105ce na ziemiach polskich jednostki sowieckiej armii.<\/span><\/p>\n<p style=\"text-align: left;\"><span style=\"color: #000080;\">Komuni\u015bci za pomoc\u0105 monument\u00f3w po\u015bwi\u0119conych Armii Czerwonej zak\u0142amywali histori\u0119 stosunk\u00f3w polsko-sowieckich. Obiekty te stanowi\u0142y i stanowi\u0105 symbol systemu komunistycznego, kt\u00f3ry wraz z niemieckim nazizmem rozp\u0119ta\u0142 II wojn\u0119 \u015bwiatow\u0105 &#8211; najtragiczniejszy konflikt w historii \u015bwiata. System ten zwasalizowa\u0142 i skolonizowa\u0142 po\u0142ow\u0119 Europy na 45 lat.<\/span><\/p>\n<blockquote>\n<p style=\"text-align: left;\"><strong>Na masow\u0105 skal\u0119 tzw. \u201epomniki wdzi\u0119czno\u015bci\u201d Armii Czerwonej zacz\u0119to budowa\u0107 w Polsce w 1945 r. Du\u017c\u0105 aktywno\u015b\u0107 wykazywali komunistyczni dzia\u0142acze partyjni, dow\u00f3dcy wojskowi i rozmaite instytucje, m.in. Towarzystwa Przyja\u017ani Polsko-Radzieckiej. Do wzniesienia wielu przyczyni\u0142y si\u0119 tak\u017ce stacjonuj\u0105ce na ziemiach polskich jednostki sowieckiej armii.<\/strong><\/p>\n<\/blockquote>\n<p style=\"text-align: left;\"><span style=\"color: #000080;\">Rozpad ZSRS i dzia\u0142ania podj\u0119te przez \u015brodowiska solidarno\u015bciowe i patriotyczne spowodowa\u0142y, \u017ce pewna cz\u0119\u015b\u0107 komunistycznych obiekt\u00f3w propagandowych zosta\u0142a usuni\u0119ta z przestrzeni publicznej w Polsce. Brak odpowiednich regulacji prawnych spowodowa\u0142 jednak, \u017ce wiele fa\u0142szuj\u0105cych przekaz historyczny \u201epomnik\u00f3w wdzi\u0119czno\u015bci\u201d przetrwa\u0142o.<\/span><\/p>\n<p style=\"text-align: left;\"><span style=\"color: #000080;\">Ustawa o zakazie propagowania komunizmu lub innego ustroju totalitarnego przez nazwy jednostek organizacyjnych, jednostek pomocniczych gminy, budowli, obiekt\u00f3w i urz\u0105dze\u0144 u\u017cyteczno\u015bci publicznej oraz pomniki regulowa\u0142a wspomnian\u0105 kwesti\u0119 obowi\u0105zuje od 2016 r. W opinii Instytutu Pami\u0119ci Narodowej obligatoryjnie powinny ulec usuni\u0119ciu komunistyczne obiekty propagandowe po\u015bwi\u0119cone Armii Czerwonej tzw. pomniki wdzi\u0119czno\u015bci, braterstwa, partyzant\u00f3w sowieckich, pomniki po\u015bwi\u0119cone dzia\u0142aczom Polskiej Partii Robotniczej, Gwardii Ludowej\/Armii Ludowej, Komunistycznej Partii Polski, funkcjonariuszom Polski Ludowej lub dzia\u0142aczom komunistycznym z innych pa\u0144stw.<\/span><\/p>\n<p style=\"text-align: left;\"><span style=\"color: #000080;\">Przyj\u0119ta w 2016 r. ustawa nak\u0142ada\u0142a na w\u0142adze samorz\u0105dowe obowi\u0105zek usuni\u0119cia z przestrzeni publicznej nazw i wszelkich symboli propaguj\u0105cych komunizm do 31 marca 2018 r. W sytuacji, gdy samorz\u0105d nie chcia\u0142 podj\u0105\u0107 takiej decyzji, spraw\u0119 m\u00f3g\u0142 przej\u0105\u0107 wojewoda i wyda\u0107 zarz\u0105dzenie zast\u0119pcze. Ustawa przyzna\u0142a IPN funkcj\u0119 eksperck\u0105 \u2013 doradcz\u0105 wobec organ\u00f3w administracji samorz\u0105dowej i wojew\u00f3dzkiej. Dopiero zbrojna napa\u015b\u0107 Federacji Rosyjskiej na Ukrain\u0119 i odwo\u0142anie si\u0119 rz\u0105dz\u0105cych w Rosji do najgorszych tradycji ZSRS przyspieszy\u0142y proces dekomunizacji w Polsce oraz w niekt\u00f3rych pa\u0144stwach Europy \u015arodkowo\u2013Wschodniej.<\/span><\/p>\n<p style=\"text-align: left;\"><span style=\"color: #000080;\">Badania opinii spo\u0142ecznej potwierdzaj\u0105, \u017ce dekomunizacja przestrzeni publicznej w Polsce jest odbierana pozytywnie.<\/span><\/p>\n<p style=\"text-align: left;\"><span style=\"color: #000080;\">Ustawa nie ma zastosowania wobec pomnik\u00f3w niewystawionych na widok publiczny, znajduj\u0105cych si\u0119 na terenie cmentarzy albo innych miejsc spoczynku; wystawionych na widok publiczny w ramach dzia\u0142alno\u015bci artystycznej, edukacyjnej, kolekcjonerskiej, naukowej lub o podobnym charakterze, w celu innym ni\u017c propagowanie ustroju totalitarnego oraz wpisanych \u2013 samodzielnie lub jako cz\u0119\u015b\u0107 wi\u0119kszej ca\u0142o\u015bci \u2013 do rejestru zabytk\u00f3w.<\/span><\/p>\n<blockquote>\n<p style=\"text-align: left;\"><strong>Dzia\u0142ania IPN w zakresie dekomunizacji zapocz\u0105tkowa\u0142y podobne inicjatywy w innych krajach. Po napa\u015bci Rosji na Ukrain\u0119 wiele pa\u0144stw m.in. kraje ba\u0142tyckie, zdecydowa\u0142o, \u017ce spraw\u0119 demonta\u017cu tzw. pomnik\u00f3w wdzi\u0119czno\u015bci nale\u017cy doprowadzi\u0107 do ko\u0144ca.<\/strong><\/p>\n<\/blockquote>\n<p style=\"text-align: left;\"><span style=\"color: #000080;\">Dzia\u0142ania IPN w zakresie dekomunizacji zapocz\u0105tkowa\u0142y podobne inicjatywy w innych krajach. Po napa\u015bci Rosji na Ukrain\u0119 wiele pa\u0144stw m.in. kraje ba\u0142tyckie, zdecydowa\u0142o, \u017ce spraw\u0119 demonta\u017cu tzw. pomnik\u00f3w wdzi\u0119czno\u015bci nale\u017cy doprowadzi\u0107 do ko\u0144ca. Rz\u0105d w Estonii zapowiedzia\u0142, \u017ce zostanie usuni\u0119tych a\u017c 400 pomnik\u00f3w. Rz\u0105d \u0142otewski w lipcu 2022 r. wyda\u0142 pozwolenie na usuni\u0119cie 69 pomnik\u00f3w i tablic pami\u0105tkowych gloryfikuj\u0105cych Armi\u0119 Czerwon\u0105. Podobne dzia\u0142ania podj\u0119\u0142a r\u00f3wnie\u017c Litwa, kt\u00f3ra obecnie usuwa pomniki sowieckie. (PAP)<\/span><\/p>\n<\/div>\n<hr style=\"height: 15px; background: #d0e6fa; width: 100%;\">\n<div id=\"content\" class=\"content-alignment\">\n<div id=\"watch-description\" class=\"yt-uix-button-panel\">\n<div id=\"watch-description-text\" style=\"text-align: center;\">\n<p><em>Zawarto\u015b\u0107 publikowanych artyku\u0142\u00f3w i materia\u0142\u00f3w nie reprezentuje pogl\u0105d\u00f3w ani opinii Reunion&#8217;68,<\/em><em><br \/>\nani te\u017c webmastera Blogu Reunion&#8217;68, chyba ze jest to wyra\u017anie zaznaczone.<br \/>\nTwoje uwagi, linki, w\u0142asne artyku\u0142y lub wiadomo\u015bci prze\u015blij na adres:<br \/>\n<\/em><span style=\"color: #000080;\"><strong><em><a style=\"color: #000080;\" href=\"mailto:webmaster@reunion68.com\"><span style=\"text-decoration: underline;\">webmaster@reunion68.com<\/span><\/a><\/em><\/strong><\/span><\/p>\n<\/div>\n<\/div>\n<\/div>\n<hr style=\"width: 100%;\">\n","protected":false},"excerpt":{"rendered":"<p>27.10.2022. Demonta\u017c pomnika po\u015bwi\u0119conego Armii Czerwonej w Bobolicach. Fot. PAP\/M. Bielecki Sonda\u017c Kantar Public dla IPN: 49 proc. Polak\u00f3w popiera demonta\u017c pomnik\u00f3w Armii Czerwonej Maciej Replewicz Blisko po\u0142owa spo\u0142ecze\u0144stwa pozytywnie ocenia usuni\u0119cie \u201epomnik\u00f3w wdzi\u0119czno\u015bci\u201d budowanych w latach 1945\u201389 dla upami\u0119tnienia armii sowieckiej, wynika z sonda\u017cu Kantar Public dla IPN. Dzia\u0142ania Instytutu zapocz\u0105tkowa\u0142y podobne inicjatywy na [&hellip;]<\/p>\n","protected":false},"author":1,"featured_media":0,"comment_status":"closed","ping_status":"closed","sticky":false,"template":"","format":"standard","meta":[],"categories":[6],"tags":[26,24],"_links":{"self":[{"href":"https:\/\/www.reunion68.se\/index.php?rest_route=\/wp\/v2\/posts\/99893"}],"collection":[{"href":"https:\/\/www.reunion68.se\/index.php?rest_route=\/wp\/v2\/posts"}],"about":[{"href":"https:\/\/www.reunion68.se\/index.php?rest_route=\/wp\/v2\/types\/post"}],"author":[{"embeddable":true,"href":"https:\/\/www.reunion68.se\/index.php?rest_route=\/wp\/v2\/users\/1"}],"replies":[{"embeddable":true,"href":"https:\/\/www.reunion68.se\/index.php?rest_route=%2Fwp%2Fv2%2Fcomments&post=99893"}],"version-history":[{"count":7,"href":"https:\/\/www.reunion68.se\/index.php?rest_route=\/wp\/v2\/posts\/99893\/revisions"}],"predecessor-version":[{"id":99911,"href":"https:\/\/www.reunion68.se\/index.php?rest_route=\/wp\/v2\/posts\/99893\/revisions\/99911"}],"wp:attachment":[{"href":"https:\/\/www.reunion68.se\/index.php?rest_route=%2Fwp%2Fv2%2Fmedia&parent=99893"}],"wp:term":[{"taxonomy":"category","embeddable":true,"href":"https:\/\/www.reunion68.se\/index.php?rest_route=%2Fwp%2Fv2%2Fcategories&post=99893"},{"taxonomy":"post_tag","embeddable":true,"href":"https:\/\/www.reunion68.se\/index.php?rest_route=%2Fwp%2Fv2%2Ftags&post=99893"}],"curies":[{"name":"wp","href":"https:\/\/api.w.org\/{rel}","templated":true}]}}